{"id":1090,"date":"2024-10-08T11:14:04","date_gmt":"2024-10-08T09:14:04","guid":{"rendered":"https:\/\/lesgrandesdames.fr\/?p=1090"},"modified":"2024-10-08T11:36:55","modified_gmt":"2024-10-08T09:36:55","slug":"elsa-barraine-une-artiste-du-temps","status":"publish","type":"post","link":"https:\/\/lesgrandesdames.fr\/index.php\/2024\/10\/08\/elsa-barraine-une-artiste-du-temps\/","title":{"rendered":"Elsa Barraine, une artiste du \u00ab\u00a0temps\u00a0\u00bb"},"content":{"rendered":"\t\t<div data-elementor-type=\"wp-post\" data-elementor-id=\"1090\" class=\"elementor elementor-1090\">\n\t\t\t\t<div class=\"elementor-element elementor-element-71b1c46 e-flex e-con-boxed wpr-particle-no wpr-jarallax-no wpr-parallax-no wpr-sticky-section-no e-con e-parent\" data-id=\"71b1c46\" data-element_type=\"container\" data-core-v316-plus=\"true\">\n\t\t\t\t\t<div class=\"e-con-inner\">\n\t\t\t\t<div class=\"elementor-element elementor-element-777bd55 elementor-widget elementor-widget-text-editor\" data-id=\"777bd55\" data-element_type=\"widget\" data-widget_type=\"text-editor.default\">\n\t\t\t\t<div class=\"elementor-widget-container\">\n\t\t\t<style>\/*! elementor - v3.20.0 - 26-03-2024 *\/\n.elementor-widget-text-editor.elementor-drop-cap-view-stacked .elementor-drop-cap{background-color:#69727d;color:#fff}.elementor-widget-text-editor.elementor-drop-cap-view-framed .elementor-drop-cap{color:#69727d;border:3px solid;background-color:transparent}.elementor-widget-text-editor:not(.elementor-drop-cap-view-default) .elementor-drop-cap{margin-top:8px}.elementor-widget-text-editor:not(.elementor-drop-cap-view-default) .elementor-drop-cap-letter{width:1em;height:1em}.elementor-widget-text-editor .elementor-drop-cap{float:left;text-align:center;line-height:1;font-size:50px}.elementor-widget-text-editor .elementor-drop-cap-letter{display:inline-block}<\/style>\t\t\t\t<p>Que veut dire le temps, en musique\u00a0? La barre de mesure\u00a0? Le rythme\u00a0? La respiration\u00a0? Le temps de monter sur sc\u00e8ne\u00a0? Le temps qui passe et qui compresse la cr\u00e9ation artistique\u00a0? Ou tout simplement jouer avec son temps\u00a0?<\/p>\t\t\t\t\t\t<\/div>\n\t\t\t\t<\/div>\n\t\t\t\t<div class=\"elementor-element elementor-element-36f3934 elementor-widget elementor-widget-text-editor\" data-id=\"36f3934\" data-element_type=\"widget\" data-widget_type=\"text-editor.default\">\n\t\t\t\t<div class=\"elementor-widget-container\">\n\t\t\t\t\t\t\t<p>\u00ab\u00a0Il y a la cro\u00fbte \u00e0 gagner. Il y a le travail de la maison \u00e0 faire, pour une compositeur femme plus particuli\u00e8rement. Il y a un tas de choses qui boulottent votre temps. [\u2026] Je n\u2019aurai jamais le temps pour r\u00e9aliser un certain nombre de choses que je voudrais faire. Par exemple, je voudrais me mettre \u00e0 faire de la musique \u00e0 12 tons. C\u2019est toute une technique, il faudrait que je m\u2019y mette, que je la travaille, il faudrait que je le fasse, mais je n\u2019ai pas le temps !\u00a0\u00bb (1)<\/p>\t\t\t\t\t\t<\/div>\n\t\t\t\t<\/div>\n\t\t\t\t<div class=\"elementor-element elementor-element-63ee97f elementor-widget elementor-widget-text-editor\" data-id=\"63ee97f\" data-element_type=\"widget\" data-widget_type=\"text-editor.default\">\n\t\t\t\t<div class=\"elementor-widget-container\">\n\t\t\t\t\t\t\t<p>Le 29 juin 1929, \u00e0 l\u2019\u00e2ge de 19 ans, Elsa Barraine remporte le Grand Prix de Rome. Elle est la quatri\u00e8me femme \u00e0 recevoir ce prix\u00a0; sa carri\u00e8re s\u2019envole, et elle devient ainsi une des compositrices les plus respect\u00e9es de sa g\u00e9n\u00e9ration. Devant elle\u00a0: l\u2019infini, le temps, la musique.<\/p><p><strong>Pourtant, qui se souvient d\u2019Elsa Barraine\u00a0?<\/strong><\/p><p><strong>R\u00e9sistante, musicienne engag\u00e9e<\/strong>, elle ne cessera de composer pour son temps. Et son temps, c\u2019est celui du XX<sup>\u00e8me<\/sup> si\u00e8cle, de la mont\u00e9e du nazisme, puis de l\u2019av\u00e8nement du communisme.<\/p><p>N\u00e9e en 1910 d\u2019un p\u00e8re violoncelle solo \u00e0 l\u2019Op\u00e9ra de Paris et d\u2019une m\u00e8re pianiste, elle fait ses armes au Conservatoire. \u00c9l\u00e8ve de Paul Dukas (compositeur de l\u2019<em>Apprenti sorcier<\/em>), elle montre tr\u00e8s t\u00f4t un go\u00fbt et une habilet\u00e9 pour la th\u00e9orie musicale, en remportant, encore adolescente, le premier prix d\u2019harmonie au Conservatoire, et deux ann\u00e9es apr\u00e8s, les premiers prix de contrepoint et de fugue. \u00c9toile montante, guid\u00e9e par son professeur, elle soumet une premi\u00e8re partition, <em>H\u00e9racl\u00e8s \u00e0 Delphes,<\/em> au Prix de Rome, mais ne se d\u00e9marquera qu\u2019une ann\u00e9e plus tard, en 1929, pour gagner haut la main le Grand Prix de Rome avec <em>La Vierge guerri\u00e8re<\/em>, sa nouvelle cantate. C\u2019est gr\u00e2ce \u00e0 cette r\u00e9ussite qu\u2019elle rejoint le cercle tr\u00e8s pris\u00e9 des compositeurs en r\u00e9sidence \u00e0 la Villa M\u00e9dicis pour trois ans.<\/p><p>Alors que d\u2019autres verront \u00e0 Rome ses mus\u00e9es, ses musiciens, ses peintres, ses \u00e9crivains, Elsa Barraine verra, elle, la mont\u00e9e du fascisme. Elle en sera t\u00e9moin en Italie et en Allemagne, o\u00f9 elle suivra avec inqui\u00e9tude, \u00e9tant d\u2019origine juive, l\u2019arriv\u00e9e au pouvoir du nouveau parti Nazi.<\/p><p>\u00c0\u00a0travers sa musique, Elsa Barraine se sera battue sans rel\u00e2che pour ses origines juives : elle compose en 1934 <em>Pogromes<\/em>, une pi\u00e8ce pour orchestre, mais aussi des chants h\u00e9bra\u00efques, et plusieurs pr\u00e9ludes et fugues pour orgue inspir\u00e9s de pri\u00e8res juives. Son autre combat\u00a0: composer une r\u00e9ponse ferme \u00e0 la politique fran\u00e7aise aux lendemains des Accords de Munich. En 1938, elle cr\u00e9e sa deuxi\u00e8me symphonie, qu\u2019elle nommera <em>Vo\u00efna<\/em> (\u00ab\u00a0guerre\u00a0\u00bb en russe), et int\u00e8gre le Parti Communiste Fran\u00e7ais.<\/p><p>\u00c0 l\u2019aube de la guerre, son p\u00e8re est licenci\u00e9 de l\u2019Op\u00e9ra et elle perd sa place de chef de chant \u00e0 l\u2019Orchestre National de la RTF. Elle rejoint alors la r\u00e9sistance, et son activisme se manifestera encore plus lorsqu\u2019elle participera \u00e0 la cr\u00e9ation du Front National des Musiciens, dont les objectifs lui tiennent \u00e0 c\u0153ur\u00a0: jouer la musique interdite, et soutenir les musiciens juifs. Elle \u00e9chappera de peu \u00e0 la Gestapo venue l\u2019arr\u00eater \u00e0 son domicile, ayant \u00e9t\u00e9 alert\u00e9e par sa concierge. C\u2019est dans la clandestinit\u00e9 qu\u2019Elsa Barraine prend le nom de Catherine Bonnat et vit les derniers mois de l\u2019Occupation.<\/p><p><strong>La lib\u00e9ration sonne l\u2019heure de gloire de sa musique. <\/strong><\/p><p>Le temps de l\u2019apr\u00e8s-guerre est pour Elsa Barraine un temps de cr\u00e9ation et de reconnaissance in\u00e9gal\u00e9. En plus d\u2019\u00eatre une compositrice acharn\u00e9e, elle \u00e9crit. Journaliste dans les journaux <em>L\u2019Humanit\u00e9 <\/em>et <em>Ce soir<\/em>, elle noircit des pages de son encre musicale, et se d\u00e9voue \u00e0 ses id\u00e9aux de libert\u00e9 et d\u2019\u00e9mancipation. Son activisme grignote son temps de composition, mais elle n\u2019aura cess\u00e9 de soutenir l\u2019id\u00e9e que la musique doit \u00eatre au service de la soci\u00e9t\u00e9.<\/p><p>Apr\u00e8s un d\u00e9saccord avec ses amis communistes, elle quitte le parti et re\u00e7oit alors moins de commandes. Ses compositions ne se tarissent pas pour autant et son esprit, occup\u00e9 \u00e0 transmettre, \u00e0 se battre, encore et toujours, gagnera des g\u00e9n\u00e9rations d\u2019\u00e9tudiants dans sa classe du Conservatoire de Paris. En effet, en 1969, elle prend la suite d\u2019Olivier Messiaen dans la classe d\u2019analyse au Conservatoire, et forme grand nombre de musiciens \u00e9rudits.<\/p><p><strong>De nouveau du temps \u00e0 soi.<\/strong><\/p><p>\u00c0 la retraite en 1975, elle compose moins, mais trouve une libert\u00e9 nouvelle dans le voyage. Elle occupe les derni\u00e8res ann\u00e9es de sa vie \u00e0 visiter l\u2019URSS, pays qui la fascine. Sa foi marxiste perdure jusqu\u2019\u00e0 sa mort, en 1999. Malgr\u00e9 l\u2019oubli de son \u0153uvre pendant quelques d\u00e9cennies, de grands chefs d\u2019orchestre, avec l\u2019aide des mouvements f\u00e9ministes, redonnent ses pi\u00e8ces en concert, notamment sa deuxi\u00e8me symphonie, jou\u00e9e tr\u00e8s r\u00e9cemment par l\u2019Orchestre National de France en septembre 2024.<\/p><p>Car c\u2019est par une <em>Vo\u00efna<\/em> qu\u2019Elsa Barraine s\u2019est impos\u00e9e \u00e0 son temps.<\/p><p>(1) : Elsa Barraine au micro de Georges Charbonnier, 1954 (source\u00a0: Radio France)<\/p><p>\u00a0<b>\u00a9 Marie J\u00e9r\u00e9mie<\/b><\/p><p>Correctrice : Cl\u00e9mence Amigou<\/p>\t\t\t\t\t\t<\/div>\n\t\t\t\t<\/div>\n\t\t\t\t\t<\/div>\n\t\t\t\t<\/div>\n\t\t\t\t<\/div>\n\t\t","protected":false},"excerpt":{"rendered":"<p>Que veut dire le temps, en musique\u00a0? La barre de mesure\u00a0? Le rythme\u00a0? La respiration\u00a0? Le temps de monter sur sc\u00e8ne\u00a0? Le temps qui passe et qui compresse la cr\u00e9ation artistique\u00a0? Ou tout simplement jouer avec son temps\u00a0? \u00ab\u00a0Il y a la cro\u00fbte \u00e0 gagner. Il y a le travail de la maison \u00e0 faire, [&hellip;]<\/p>\n","protected":false},"author":21,"featured_media":1091,"comment_status":"open","ping_status":"open","sticky":false,"template":"","format":"standard","meta":{"footnotes":""},"categories":[24],"tags":[58,92],"class_list":["post-1090","post","type-post","status-publish","format-standard","has-post-thumbnail","hentry","category-art","tag-artiste","tag-musique"],"yoast_head":"<!-- This site is optimized with the Yoast SEO plugin v22.3 - https:\/\/yoast.com\/wordpress\/plugins\/seo\/ -->\n<title>Elsa Barraine, une artiste du \u00ab\u00a0temps\u00a0\u00bb - Les Grandes Dames<\/title>\n<meta name=\"robots\" content=\"index, follow, max-snippet:-1, max-image-preview:large, max-video-preview:-1\" \/>\n<link rel=\"canonical\" href=\"https:\/\/lesgrandesdames.fr\/index.php\/2024\/10\/08\/elsa-barraine-une-artiste-du-temps\/\" \/>\n<meta property=\"og:locale\" content=\"fr_FR\" \/>\n<meta property=\"og:type\" content=\"article\" \/>\n<meta property=\"og:title\" content=\"Elsa Barraine, une artiste du \u00ab\u00a0temps\u00a0\u00bb - Les Grandes Dames\" \/>\n<meta property=\"og:description\" content=\"Que veut dire le temps, en musique\u00a0? La barre de mesure\u00a0? Le rythme\u00a0? La respiration\u00a0? Le temps de monter sur sc\u00e8ne\u00a0? Le temps qui passe et qui compresse la cr\u00e9ation artistique\u00a0? Ou tout simplement jouer avec son temps\u00a0? \u00ab\u00a0Il y a la cro\u00fbte \u00e0 gagner. Il y a le travail de la maison \u00e0 faire, [&hellip;]\" \/>\n<meta property=\"og:url\" content=\"https:\/\/lesgrandesdames.fr\/index.php\/2024\/10\/08\/elsa-barraine-une-artiste-du-temps\/\" \/>\n<meta property=\"og:site_name\" content=\"Les Grandes Dames\" \/>\n<meta property=\"article:published_time\" content=\"2024-10-08T09:14:04+00:00\" \/>\n<meta property=\"article:modified_time\" content=\"2024-10-08T09:36:55+00:00\" \/>\n<meta property=\"og:image\" content=\"http:\/\/lesgrandesdames.fr\/wp-content\/uploads\/2024\/10\/Les-Grandes-Dames-40.png\" \/>\n\t<meta property=\"og:image:width\" content=\"4375\" \/>\n\t<meta property=\"og:image:height\" content=\"1875\" \/>\n\t<meta property=\"og:image:type\" content=\"image\/png\" \/>\n<meta name=\"author\" content=\"Marie Jeremie\" \/>\n<meta name=\"twitter:card\" content=\"summary_large_image\" \/>\n<meta name=\"twitter:label1\" content=\"\u00c9crit par\" \/>\n\t<meta name=\"twitter:data1\" content=\"Marie Jeremie\" \/>\n\t<meta name=\"twitter:label2\" content=\"Dur\u00e9e de lecture estim\u00e9e\" \/>\n\t<meta name=\"twitter:data2\" content=\"5 minutes\" \/>\n<script type=\"application\/ld+json\" class=\"yoast-schema-graph\">{\"@context\":\"https:\/\/schema.org\",\"@graph\":[{\"@type\":\"Article\",\"@id\":\"https:\/\/lesgrandesdames.fr\/index.php\/2024\/10\/08\/elsa-barraine-une-artiste-du-temps\/#article\",\"isPartOf\":{\"@id\":\"https:\/\/lesgrandesdames.fr\/index.php\/2024\/10\/08\/elsa-barraine-une-artiste-du-temps\/\"},\"author\":{\"name\":\"Marie Jeremie\",\"@id\":\"https:\/\/lesgrandesdames.fr\/#\/schema\/person\/ea8267daddee29ea22862142e748b9c0\"},\"headline\":\"Elsa Barraine, une artiste du \u00ab\u00a0temps\u00a0\u00bb\",\"datePublished\":\"2024-10-08T09:14:04+00:00\",\"dateModified\":\"2024-10-08T09:36:55+00:00\",\"mainEntityOfPage\":{\"@id\":\"https:\/\/lesgrandesdames.fr\/index.php\/2024\/10\/08\/elsa-barraine-une-artiste-du-temps\/\"},\"wordCount\":939,\"commentCount\":0,\"publisher\":{\"@id\":\"https:\/\/lesgrandesdames.fr\/#organization\"},\"image\":{\"@id\":\"https:\/\/lesgrandesdames.fr\/index.php\/2024\/10\/08\/elsa-barraine-une-artiste-du-temps\/#primaryimage\"},\"thumbnailUrl\":\"https:\/\/lesgrandesdames.fr\/wp-content\/uploads\/2024\/10\/Les-Grandes-Dames-40.png\",\"keywords\":[\"Artiste\",\"Musique\"],\"articleSection\":[\"Art\"],\"inLanguage\":\"fr-FR\",\"potentialAction\":[{\"@type\":\"CommentAction\",\"name\":\"Comment\",\"target\":[\"https:\/\/lesgrandesdames.fr\/index.php\/2024\/10\/08\/elsa-barraine-une-artiste-du-temps\/#respond\"]}]},{\"@type\":\"WebPage\",\"@id\":\"https:\/\/lesgrandesdames.fr\/index.php\/2024\/10\/08\/elsa-barraine-une-artiste-du-temps\/\",\"url\":\"https:\/\/lesgrandesdames.fr\/index.php\/2024\/10\/08\/elsa-barraine-une-artiste-du-temps\/\",\"name\":\"Elsa Barraine, une artiste du \u00ab\u00a0temps\u00a0\u00bb - Les Grandes Dames\",\"isPartOf\":{\"@id\":\"https:\/\/lesgrandesdames.fr\/#website\"},\"primaryImageOfPage\":{\"@id\":\"https:\/\/lesgrandesdames.fr\/index.php\/2024\/10\/08\/elsa-barraine-une-artiste-du-temps\/#primaryimage\"},\"image\":{\"@id\":\"https:\/\/lesgrandesdames.fr\/index.php\/2024\/10\/08\/elsa-barraine-une-artiste-du-temps\/#primaryimage\"},\"thumbnailUrl\":\"https:\/\/lesgrandesdames.fr\/wp-content\/uploads\/2024\/10\/Les-Grandes-Dames-40.png\",\"datePublished\":\"2024-10-08T09:14:04+00:00\",\"dateModified\":\"2024-10-08T09:36:55+00:00\",\"breadcrumb\":{\"@id\":\"https:\/\/lesgrandesdames.fr\/index.php\/2024\/10\/08\/elsa-barraine-une-artiste-du-temps\/#breadcrumb\"},\"inLanguage\":\"fr-FR\",\"potentialAction\":[{\"@type\":\"ReadAction\",\"target\":[\"https:\/\/lesgrandesdames.fr\/index.php\/2024\/10\/08\/elsa-barraine-une-artiste-du-temps\/\"]}]},{\"@type\":\"ImageObject\",\"inLanguage\":\"fr-FR\",\"@id\":\"https:\/\/lesgrandesdames.fr\/index.php\/2024\/10\/08\/elsa-barraine-une-artiste-du-temps\/#primaryimage\",\"url\":\"https:\/\/lesgrandesdames.fr\/wp-content\/uploads\/2024\/10\/Les-Grandes-Dames-40.png\",\"contentUrl\":\"https:\/\/lesgrandesdames.fr\/wp-content\/uploads\/2024\/10\/Les-Grandes-Dames-40.png\",\"width\":4375,\"height\":1875},{\"@type\":\"BreadcrumbList\",\"@id\":\"https:\/\/lesgrandesdames.fr\/index.php\/2024\/10\/08\/elsa-barraine-une-artiste-du-temps\/#breadcrumb\",\"itemListElement\":[{\"@type\":\"ListItem\",\"position\":1,\"name\":\"Home\",\"item\":\"https:\/\/lesgrandesdames.fr\/\"},{\"@type\":\"ListItem\",\"position\":2,\"name\":\"Elsa Barraine, une artiste du \u00ab\u00a0temps\u00a0\u00bb\"}]},{\"@type\":\"WebSite\",\"@id\":\"https:\/\/lesgrandesdames.fr\/#website\",\"url\":\"https:\/\/lesgrandesdames.fr\/\",\"name\":\"Les Grandes Dames\",\"description\":\"\",\"publisher\":{\"@id\":\"https:\/\/lesgrandesdames.fr\/#organization\"},\"potentialAction\":[{\"@type\":\"SearchAction\",\"target\":{\"@type\":\"EntryPoint\",\"urlTemplate\":\"https:\/\/lesgrandesdames.fr\/?s={search_term_string}\"},\"query-input\":\"required name=search_term_string\"}],\"inLanguage\":\"fr-FR\"},{\"@type\":\"Organization\",\"@id\":\"https:\/\/lesgrandesdames.fr\/#organization\",\"name\":\"Les Grandes Dames\",\"url\":\"https:\/\/lesgrandesdames.fr\/\",\"logo\":{\"@type\":\"ImageObject\",\"inLanguage\":\"fr-FR\",\"@id\":\"https:\/\/lesgrandesdames.fr\/#\/schema\/logo\/image\/\",\"url\":\"https:\/\/lesgrandesdames.fr\/wp-content\/uploads\/2024\/03\/cropped-Untitled-design.png\",\"contentUrl\":\"https:\/\/lesgrandesdames.fr\/wp-content\/uploads\/2024\/03\/cropped-Untitled-design.png\",\"width\":112,\"height\":110,\"caption\":\"Les Grandes Dames\"},\"image\":{\"@id\":\"https:\/\/lesgrandesdames.fr\/#\/schema\/logo\/image\/\"}},{\"@type\":\"Person\",\"@id\":\"https:\/\/lesgrandesdames.fr\/#\/schema\/person\/ea8267daddee29ea22862142e748b9c0\",\"name\":\"Marie Jeremie\",\"image\":{\"@type\":\"ImageObject\",\"inLanguage\":\"fr-FR\",\"@id\":\"https:\/\/lesgrandesdames.fr\/#\/schema\/person\/image\/\",\"url\":\"https:\/\/secure.gravatar.com\/avatar\/e4ab802f1b111fec7bb5a8d6299ab9ad9b6398f2f574f0f65b53fd90b549f7e1?s=96&d=mm&r=g\",\"contentUrl\":\"https:\/\/secure.gravatar.com\/avatar\/e4ab802f1b111fec7bb5a8d6299ab9ad9b6398f2f574f0f65b53fd90b549f7e1?s=96&d=mm&r=g\",\"caption\":\"Marie Jeremie\"},\"url\":\"https:\/\/lesgrandesdames.fr\/index.php\/author\/marie-jeremie\/\"}]}<\/script>\n<!-- \/ Yoast SEO plugin. -->","yoast_head_json":{"title":"Elsa Barraine, une artiste du \u00ab\u00a0temps\u00a0\u00bb - Les Grandes Dames","robots":{"index":"index","follow":"follow","max-snippet":"max-snippet:-1","max-image-preview":"max-image-preview:large","max-video-preview":"max-video-preview:-1"},"canonical":"https:\/\/lesgrandesdames.fr\/index.php\/2024\/10\/08\/elsa-barraine-une-artiste-du-temps\/","og_locale":"fr_FR","og_type":"article","og_title":"Elsa Barraine, une artiste du \u00ab\u00a0temps\u00a0\u00bb - Les Grandes Dames","og_description":"Que veut dire le temps, en musique\u00a0? La barre de mesure\u00a0? Le rythme\u00a0? La respiration\u00a0? Le temps de monter sur sc\u00e8ne\u00a0? Le temps qui passe et qui compresse la cr\u00e9ation artistique\u00a0? Ou tout simplement jouer avec son temps\u00a0? \u00ab\u00a0Il y a la cro\u00fbte \u00e0 gagner. Il y a le travail de la maison \u00e0 faire, [&hellip;]","og_url":"https:\/\/lesgrandesdames.fr\/index.php\/2024\/10\/08\/elsa-barraine-une-artiste-du-temps\/","og_site_name":"Les Grandes Dames","article_published_time":"2024-10-08T09:14:04+00:00","article_modified_time":"2024-10-08T09:36:55+00:00","og_image":[{"width":4375,"height":1875,"url":"http:\/\/lesgrandesdames.fr\/wp-content\/uploads\/2024\/10\/Les-Grandes-Dames-40.png","type":"image\/png"}],"author":"Marie Jeremie","twitter_card":"summary_large_image","twitter_misc":{"\u00c9crit par":"Marie Jeremie","Dur\u00e9e de lecture estim\u00e9e":"5 minutes"},"schema":{"@context":"https:\/\/schema.org","@graph":[{"@type":"Article","@id":"https:\/\/lesgrandesdames.fr\/index.php\/2024\/10\/08\/elsa-barraine-une-artiste-du-temps\/#article","isPartOf":{"@id":"https:\/\/lesgrandesdames.fr\/index.php\/2024\/10\/08\/elsa-barraine-une-artiste-du-temps\/"},"author":{"name":"Marie Jeremie","@id":"https:\/\/lesgrandesdames.fr\/#\/schema\/person\/ea8267daddee29ea22862142e748b9c0"},"headline":"Elsa Barraine, une artiste du \u00ab\u00a0temps\u00a0\u00bb","datePublished":"2024-10-08T09:14:04+00:00","dateModified":"2024-10-08T09:36:55+00:00","mainEntityOfPage":{"@id":"https:\/\/lesgrandesdames.fr\/index.php\/2024\/10\/08\/elsa-barraine-une-artiste-du-temps\/"},"wordCount":939,"commentCount":0,"publisher":{"@id":"https:\/\/lesgrandesdames.fr\/#organization"},"image":{"@id":"https:\/\/lesgrandesdames.fr\/index.php\/2024\/10\/08\/elsa-barraine-une-artiste-du-temps\/#primaryimage"},"thumbnailUrl":"https:\/\/lesgrandesdames.fr\/wp-content\/uploads\/2024\/10\/Les-Grandes-Dames-40.png","keywords":["Artiste","Musique"],"articleSection":["Art"],"inLanguage":"fr-FR","potentialAction":[{"@type":"CommentAction","name":"Comment","target":["https:\/\/lesgrandesdames.fr\/index.php\/2024\/10\/08\/elsa-barraine-une-artiste-du-temps\/#respond"]}]},{"@type":"WebPage","@id":"https:\/\/lesgrandesdames.fr\/index.php\/2024\/10\/08\/elsa-barraine-une-artiste-du-temps\/","url":"https:\/\/lesgrandesdames.fr\/index.php\/2024\/10\/08\/elsa-barraine-une-artiste-du-temps\/","name":"Elsa Barraine, une artiste du \u00ab\u00a0temps\u00a0\u00bb - Les Grandes Dames","isPartOf":{"@id":"https:\/\/lesgrandesdames.fr\/#website"},"primaryImageOfPage":{"@id":"https:\/\/lesgrandesdames.fr\/index.php\/2024\/10\/08\/elsa-barraine-une-artiste-du-temps\/#primaryimage"},"image":{"@id":"https:\/\/lesgrandesdames.fr\/index.php\/2024\/10\/08\/elsa-barraine-une-artiste-du-temps\/#primaryimage"},"thumbnailUrl":"https:\/\/lesgrandesdames.fr\/wp-content\/uploads\/2024\/10\/Les-Grandes-Dames-40.png","datePublished":"2024-10-08T09:14:04+00:00","dateModified":"2024-10-08T09:36:55+00:00","breadcrumb":{"@id":"https:\/\/lesgrandesdames.fr\/index.php\/2024\/10\/08\/elsa-barraine-une-artiste-du-temps\/#breadcrumb"},"inLanguage":"fr-FR","potentialAction":[{"@type":"ReadAction","target":["https:\/\/lesgrandesdames.fr\/index.php\/2024\/10\/08\/elsa-barraine-une-artiste-du-temps\/"]}]},{"@type":"ImageObject","inLanguage":"fr-FR","@id":"https:\/\/lesgrandesdames.fr\/index.php\/2024\/10\/08\/elsa-barraine-une-artiste-du-temps\/#primaryimage","url":"https:\/\/lesgrandesdames.fr\/wp-content\/uploads\/2024\/10\/Les-Grandes-Dames-40.png","contentUrl":"https:\/\/lesgrandesdames.fr\/wp-content\/uploads\/2024\/10\/Les-Grandes-Dames-40.png","width":4375,"height":1875},{"@type":"BreadcrumbList","@id":"https:\/\/lesgrandesdames.fr\/index.php\/2024\/10\/08\/elsa-barraine-une-artiste-du-temps\/#breadcrumb","itemListElement":[{"@type":"ListItem","position":1,"name":"Home","item":"https:\/\/lesgrandesdames.fr\/"},{"@type":"ListItem","position":2,"name":"Elsa Barraine, une artiste du \u00ab\u00a0temps\u00a0\u00bb"}]},{"@type":"WebSite","@id":"https:\/\/lesgrandesdames.fr\/#website","url":"https:\/\/lesgrandesdames.fr\/","name":"Les Grandes Dames","description":"","publisher":{"@id":"https:\/\/lesgrandesdames.fr\/#organization"},"potentialAction":[{"@type":"SearchAction","target":{"@type":"EntryPoint","urlTemplate":"https:\/\/lesgrandesdames.fr\/?s={search_term_string}"},"query-input":"required name=search_term_string"}],"inLanguage":"fr-FR"},{"@type":"Organization","@id":"https:\/\/lesgrandesdames.fr\/#organization","name":"Les Grandes Dames","url":"https:\/\/lesgrandesdames.fr\/","logo":{"@type":"ImageObject","inLanguage":"fr-FR","@id":"https:\/\/lesgrandesdames.fr\/#\/schema\/logo\/image\/","url":"https:\/\/lesgrandesdames.fr\/wp-content\/uploads\/2024\/03\/cropped-Untitled-design.png","contentUrl":"https:\/\/lesgrandesdames.fr\/wp-content\/uploads\/2024\/03\/cropped-Untitled-design.png","width":112,"height":110,"caption":"Les Grandes Dames"},"image":{"@id":"https:\/\/lesgrandesdames.fr\/#\/schema\/logo\/image\/"}},{"@type":"Person","@id":"https:\/\/lesgrandesdames.fr\/#\/schema\/person\/ea8267daddee29ea22862142e748b9c0","name":"Marie Jeremie","image":{"@type":"ImageObject","inLanguage":"fr-FR","@id":"https:\/\/lesgrandesdames.fr\/#\/schema\/person\/image\/","url":"https:\/\/secure.gravatar.com\/avatar\/e4ab802f1b111fec7bb5a8d6299ab9ad9b6398f2f574f0f65b53fd90b549f7e1?s=96&d=mm&r=g","contentUrl":"https:\/\/secure.gravatar.com\/avatar\/e4ab802f1b111fec7bb5a8d6299ab9ad9b6398f2f574f0f65b53fd90b549f7e1?s=96&d=mm&r=g","caption":"Marie Jeremie"},"url":"https:\/\/lesgrandesdames.fr\/index.php\/author\/marie-jeremie\/"}]}},"_links":{"self":[{"href":"https:\/\/lesgrandesdames.fr\/index.php\/wp-json\/wp\/v2\/posts\/1090","targetHints":{"allow":["GET"]}}],"collection":[{"href":"https:\/\/lesgrandesdames.fr\/index.php\/wp-json\/wp\/v2\/posts"}],"about":[{"href":"https:\/\/lesgrandesdames.fr\/index.php\/wp-json\/wp\/v2\/types\/post"}],"author":[{"embeddable":true,"href":"https:\/\/lesgrandesdames.fr\/index.php\/wp-json\/wp\/v2\/users\/21"}],"replies":[{"embeddable":true,"href":"https:\/\/lesgrandesdames.fr\/index.php\/wp-json\/wp\/v2\/comments?post=1090"}],"version-history":[{"count":19,"href":"https:\/\/lesgrandesdames.fr\/index.php\/wp-json\/wp\/v2\/posts\/1090\/revisions"}],"predecessor-version":[{"id":1110,"href":"https:\/\/lesgrandesdames.fr\/index.php\/wp-json\/wp\/v2\/posts\/1090\/revisions\/1110"}],"wp:featuredmedia":[{"embeddable":true,"href":"https:\/\/lesgrandesdames.fr\/index.php\/wp-json\/wp\/v2\/media\/1091"}],"wp:attachment":[{"href":"https:\/\/lesgrandesdames.fr\/index.php\/wp-json\/wp\/v2\/media?parent=1090"}],"wp:term":[{"taxonomy":"category","embeddable":true,"href":"https:\/\/lesgrandesdames.fr\/index.php\/wp-json\/wp\/v2\/categories?post=1090"},{"taxonomy":"post_tag","embeddable":true,"href":"https:\/\/lesgrandesdames.fr\/index.php\/wp-json\/wp\/v2\/tags?post=1090"}],"curies":[{"name":"wp","href":"https:\/\/api.w.org\/{rel}","templated":true}]}}