{"id":1432,"date":"2025-02-21T17:34:16","date_gmt":"2025-02-21T16:34:16","guid":{"rendered":"https:\/\/lesgrandesdames.fr\/?p=1432"},"modified":"2025-02-21T17:42:59","modified_gmt":"2025-02-21T16:42:59","slug":"marie-jaelle-lexcentricite-virtuose","status":"publish","type":"post","link":"https:\/\/lesgrandesdames.fr\/index.php\/2025\/02\/21\/marie-jaelle-lexcentricite-virtuose\/","title":{"rendered":"Marie Ja\u00eblle, l&rsquo;excentricit\u00e9 virtuose"},"content":{"rendered":"\t\t<div data-elementor-type=\"wp-post\" data-elementor-id=\"1432\" class=\"elementor elementor-1432\">\n\t\t\t\t<div class=\"elementor-element elementor-element-f5b1e88 e-flex e-con-boxed wpr-particle-no wpr-jarallax-no wpr-parallax-no wpr-sticky-section-no e-con e-parent\" data-id=\"f5b1e88\" data-element_type=\"container\" data-core-v316-plus=\"true\">\n\t\t\t\t\t<div class=\"e-con-inner\">\n\t\t\t\t<div class=\"elementor-element elementor-element-c50f173 elementor-widget elementor-widget-text-editor\" data-id=\"c50f173\" data-element_type=\"widget\" data-widget_type=\"text-editor.default\">\n\t\t\t\t<div class=\"elementor-widget-container\">\n\t\t\t<style>\/*! elementor - v3.20.0 - 26-03-2024 *\/\n.elementor-widget-text-editor.elementor-drop-cap-view-stacked .elementor-drop-cap{background-color:#69727d;color:#fff}.elementor-widget-text-editor.elementor-drop-cap-view-framed .elementor-drop-cap{color:#69727d;border:3px solid;background-color:transparent}.elementor-widget-text-editor:not(.elementor-drop-cap-view-default) .elementor-drop-cap{margin-top:8px}.elementor-widget-text-editor:not(.elementor-drop-cap-view-default) .elementor-drop-cap-letter{width:1em;height:1em}.elementor-widget-text-editor .elementor-drop-cap{float:left;text-align:center;line-height:1;font-size:50px}.elementor-widget-text-editor .elementor-drop-cap-letter{display:inline-block}<\/style>\t\t\t\t<p><i><span style=\"font-weight: 400;\">\u00ab\u00a0On est musicalement sourd, d\u00e8s qu\u2019on entend les sons sans entendre les relations qui existent entre les sons.\u00a0\u00bb<\/span><\/i><\/p><p><span style=\"font-weight: 400;\">C\u2019est par son franc-parler et ses id\u00e9es loufoques que Marie Ja\u00ebll r\u00e9ussit \u00e0 s\u2019imposer sur la sc\u00e8ne parisienne du 19<\/span><span style=\"font-weight: 400;\">e<\/span><span style=\"font-weight: 400;\"> et 20<\/span><span style=\"font-weight: 400;\">e<\/span><span style=\"font-weight: 400;\">\u00a0si\u00e8cle. Pianiste virtuose, femme du non moins c\u00e9l\u00e8bre Alfred Ja\u00ebll, celle qui fut l\u2019amie de Franz Liszt \u2012 elle ach\u00e8ve pour lui sa fameuse troisi\u00e8me <\/span><i><span style=\"font-weight: 400;\">Mephisto-Walz <\/span><\/i><span style=\"font-weight: 400;\">\u2012 entre au Conservatoire de Paris en 1862. Elle en ressort quatre mois plus tard, un premier prix de piano en main. Toutes les sc\u00e8nes de France et d\u2019Europe s\u2019ouvrent alors \u00e0 cette fille d\u2019agriculteurs alsaciens, anim\u00e9e par son amour pour la France.<\/span><\/p><h5><b>La guerre franco-prussienne et la fin des concerts en Allemagne<\/b><\/h5><p><span style=\"font-weight: 400;\">En 1870, Marie Ja\u00ebll embrasse la cause fran\u00e7aise et annule tous ses concerts en Allemagne. Son mari, lui, met fin \u00e0 ses projets d\u2019enseigner au Conservatoire de Leipzig. Dans ce repli parisien, elle d\u00e9cide de se tourner vers la composition et \u00e9tudie aupr\u00e8s de C\u00e9sar Franck et Camille Saint-Sa\u00ebns, \u00e9minents repr\u00e9sentants de l\u2019\u00e9cole de composition fran\u00e7aise.<\/span><\/p><p><span style=\"font-weight: 400;\">La guerre la marque durablement, tiraill\u00e9e par son sentiment fran\u00e7ais, mais \u00e9galement fascin\u00e9e par les compositeurs allemands comme Brahms, dont elle adapte une version fran\u00e7aise de son requiem. Sa carri\u00e8re de virtuose se poursuit apr\u00e8s la guerre, lors de concerts dans lesquels elle interpr\u00e8te ses derni\u00e8res cr\u00e9ations.<\/span><\/p><h5><b>Des d\u00e9buts prometteurs<\/b><\/h5><p><span style=\"font-weight: 400;\">Marie Ja\u00ebll entretient pendant des ann\u00e9es une forte amiti\u00e9 ainsi qu\u2019une correspondance abondante avec son professeur, Camille Saint-Sa\u00ebns. Sous son \u0153il bienveillant, elle compose plus d\u2019une soixantaine d\u2019\u0153uvres, parmi lesquelles un tr\u00e8s beau concerto pour violoncelle qui sera interpr\u00e9t\u00e9 par St\u00e9phanie Huang et l&rsquo;Orchestre Lamoureux le 17 mai 2025 salle Gaveau, dont la programmation met \u00e0 l\u2019honneur des femmes compositrices oubli\u00e9es de l\u2019histoire.<\/span><span style=\"font-weight: 400;\"><br \/><\/span><\/p><p><span style=\"font-weight: 400;\">Plusieurs compositions de Marie Ja\u00ebll sont cr\u00e9\u00e9es sous les doigts de ses deux amis, Liszt et Saint-Sa\u00ebns, notamment \u00e0 Bayreuth, le Graal de la sc\u00e8ne musicale. Son mari lui ouvre les portes des salons de musique pris\u00e9s, et permet \u00e0 ses compositions de trouver leur public.<\/span><\/p><h5><b>L\u2019apog\u00e9e de sa carri\u00e8re de compositrice<\/b><\/h5><p><span style=\"font-weight: 400;\">S\u2019il y a une date \u00e0 retenir dans la vie de Marie Ja\u00ebll, c\u2019est bien celle de 1887. Pourquoi\u2009? Parce qu\u2019elle acc\u00e8de, gr\u00e2ce \u00e0 Saint-Sa\u00ebns et Faur\u00e9, \u2012 le talent ne suffisant pas \u00e0 une femme pour se d\u00e9marquer \u2012 \u00e0 la soci\u00e9t\u00e9 des compositeurs de musique, en tant que membre actif. Quelle joie, pour cette compositrice, et quelle avanc\u00e9e, pour la soci\u00e9t\u00e9\u2009!<\/span><\/p><h5><b>Le tournant p\u00e9dagogique<\/b><\/h5><p><i><span style=\"font-weight: 400;\">\u00ab\u00a0Liszt poss\u00e9dait dans chacun de ses doigts un \u00e9tat de conscience distinct.\u00a0\u00bb<\/span><\/i><\/p><p><span style=\"font-weight: 400;\">\u00c0 la fin du 19<\/span><span style=\"font-weight: 400;\">e<\/span><span style=\"font-weight: 400;\">\u00a0si\u00e8cle, Marie Ja\u00ebll se prend de passion pour la p\u00e9dagogie, suit des cours de psychologie \u00e0 la Sorbonne et invente \u00e0 elle seule une r\u00e9flexion r\u00e9volutionnaire sur le toucher du piano. Elle r\u00e9dige alors plusieurs m\u00e9thodes, collabore avec des psychiatres et participe \u00e0 de nombreuses exp\u00e9riences. Elle oppose au m\u00e9canisme enseign\u00e9 dans les conservatoires (le fait de r\u00e9p\u00e9ter les morceaux jusqu\u2019\u00e0 ce que cela fonctionne) le travail mental et la dissociation des doigts, qu\u2019elle explique en ces termes\u00a0: <\/span><i><span style=\"font-weight: 400;\">\u00ab\u00a0en cherchant la dissociation des doigts au moyen de l\u2019\u00e9ducation du toucher musical, j\u2019ai trouv\u00e9 une facult\u00e9 plus pr\u00e9cieuse encore\u00a0: la dissociation de la pens\u00e9e.\u00a0\u00bb<\/span><\/i><\/p><p><span style=\"font-weight: 400;\">Per\u00e7ue comme excentrique, \u2012 elle-m\u00eame \u00e9crit \u00e0 sa s\u0153ur que <\/span><i><span style=\"font-weight: 400;\">\u00ab\u00a0l\u2019exc\u00e8s de [ses] sentiments [l]&rsquo;effraye\u00a0\u00bb <\/span><\/i><span style=\"font-weight: 400;\">\u2012 elle se plonge corps et \u00e2me jusqu\u2019\u00e0 la fin de sa vie dans l\u2019invention de nouvelles m\u00e9thodes p\u00e9dagogiques, dont l\u2019\u00e9cho aujourd\u2019hui r\u00e9sonne jusque dans les conservatoires sup\u00e9rieurs de musique.<\/span><\/p><p><span style=\"font-weight: 400;\">Marie Ja\u00ebll aura tout de m\u00eame \u00e9t\u00e9 la premi\u00e8re pianiste \u00e0 interpr\u00e9ter int\u00e9gralement les 32\u00a0sonates de Beethoven pour piano lors d\u2019une s\u00e9rie de concerts, \u00e0 int\u00e9grer la soci\u00e9t\u00e9 tr\u00e8s ferm\u00e9e des compositeurs de musique et \u00e0 r\u00e9volutionner la vision obsol\u00e8te de plusieurs si\u00e8cles d\u2019enseignement du piano. Il est difficile de comprendre comment la France a pu oublier une telle personnalit\u00e9\u2009; mais heureusement, \u00e0 l\u2019aube du 21<\/span><span style=\"font-weight: 400;\">e<\/span><span style=\"font-weight: 400;\">\u00a0si\u00e8cle, des orchestres et des artistes s\u2019interrogent sur l\u2019h\u00e9ritage f\u00e9minin musical et font d\u00e9couvrir au public des \u0153uvres m\u00e9connues qui trouvent toute leur place dans le paysage culturel fran\u00e7ais et europ\u00e9en actuel.<\/span><\/p><h5>Marie J\u00e9r\u00e9mie<\/h5><h5>Correctrice : Isabelle B\u00e9nard<\/h5>\t\t\t\t\t\t<\/div>\n\t\t\t\t<\/div>\n\t\t\t\t\t<\/div>\n\t\t\t\t<\/div>\n\t\t\t\t<\/div>\n\t\t","protected":false},"excerpt":{"rendered":"<p>\u00ab\u00a0On est musicalement sourd, d\u00e8s qu\u2019on entend les sons sans entendre les relations qui existent entre les sons.\u00a0\u00bb C\u2019est par son franc-parler et ses id\u00e9es loufoques que Marie Ja\u00ebll r\u00e9ussit \u00e0 s\u2019imposer sur la sc\u00e8ne parisienne du 19e et 20e\u00a0si\u00e8cle. Pianiste virtuose, femme du non moins c\u00e9l\u00e8bre Alfred Ja\u00ebll, celle qui fut l\u2019amie de Franz [&hellip;]<\/p>\n","protected":false},"author":21,"featured_media":1441,"comment_status":"open","ping_status":"open","sticky":false,"template":"","format":"standard","meta":{"footnotes":""},"categories":[24],"tags":[116,92],"class_list":["post-1432","post","type-post","status-publish","format-standard","has-post-thumbnail","hentry","category-art","tag-compositrice","tag-musique"],"yoast_head":"<!-- This site is optimized with the Yoast SEO plugin v22.3 - https:\/\/yoast.com\/wordpress\/plugins\/seo\/ -->\n<title>Marie Ja\u00eblle, l&#039;excentricit\u00e9 virtuose - Les Grandes Dames<\/title>\n<meta name=\"robots\" content=\"index, follow, max-snippet:-1, max-image-preview:large, max-video-preview:-1\" \/>\n<link rel=\"canonical\" href=\"https:\/\/lesgrandesdames.fr\/index.php\/2025\/02\/21\/marie-jaelle-lexcentricite-virtuose\/\" \/>\n<meta property=\"og:locale\" content=\"fr_FR\" \/>\n<meta property=\"og:type\" content=\"article\" \/>\n<meta property=\"og:title\" content=\"Marie Ja\u00eblle, l&#039;excentricit\u00e9 virtuose - Les Grandes Dames\" \/>\n<meta property=\"og:description\" content=\"\u00ab\u00a0On est musicalement sourd, d\u00e8s qu\u2019on entend les sons sans entendre les relations qui existent entre les sons.\u00a0\u00bb C\u2019est par son franc-parler et ses id\u00e9es loufoques que Marie Ja\u00ebll r\u00e9ussit \u00e0 s\u2019imposer sur la sc\u00e8ne parisienne du 19e et 20e\u00a0si\u00e8cle. Pianiste virtuose, femme du non moins c\u00e9l\u00e8bre Alfred Ja\u00ebll, celle qui fut l\u2019amie de Franz [&hellip;]\" \/>\n<meta property=\"og:url\" content=\"https:\/\/lesgrandesdames.fr\/index.php\/2025\/02\/21\/marie-jaelle-lexcentricite-virtuose\/\" \/>\n<meta property=\"og:site_name\" content=\"Les Grandes Dames\" \/>\n<meta property=\"article:published_time\" content=\"2025-02-21T16:34:16+00:00\" \/>\n<meta property=\"article:modified_time\" content=\"2025-02-21T16:42:59+00:00\" \/>\n<meta property=\"og:image\" content=\"http:\/\/lesgrandesdames.fr\/wp-content\/uploads\/2025\/02\/Les-Grandes-Dames-59-1024x439.png\" \/>\n\t<meta property=\"og:image:width\" content=\"1024\" \/>\n\t<meta property=\"og:image:height\" content=\"439\" \/>\n\t<meta property=\"og:image:type\" content=\"image\/png\" \/>\n<meta name=\"author\" content=\"Marie Jeremie\" \/>\n<meta name=\"twitter:card\" content=\"summary_large_image\" \/>\n<meta name=\"twitter:label1\" content=\"\u00c9crit par\" \/>\n\t<meta name=\"twitter:data1\" content=\"Marie Jeremie\" \/>\n\t<meta name=\"twitter:label2\" content=\"Dur\u00e9e de lecture estim\u00e9e\" \/>\n\t<meta name=\"twitter:data2\" content=\"4 minutes\" \/>\n<script type=\"application\/ld+json\" class=\"yoast-schema-graph\">{\"@context\":\"https:\/\/schema.org\",\"@graph\":[{\"@type\":\"Article\",\"@id\":\"https:\/\/lesgrandesdames.fr\/index.php\/2025\/02\/21\/marie-jaelle-lexcentricite-virtuose\/#article\",\"isPartOf\":{\"@id\":\"https:\/\/lesgrandesdames.fr\/index.php\/2025\/02\/21\/marie-jaelle-lexcentricite-virtuose\/\"},\"author\":{\"name\":\"Marie Jeremie\",\"@id\":\"https:\/\/lesgrandesdames.fr\/#\/schema\/person\/ea8267daddee29ea22862142e748b9c0\"},\"headline\":\"Marie Ja\u00eblle, l&rsquo;excentricit\u00e9 virtuose\",\"datePublished\":\"2025-02-21T16:34:16+00:00\",\"dateModified\":\"2025-02-21T16:42:59+00:00\",\"mainEntityOfPage\":{\"@id\":\"https:\/\/lesgrandesdames.fr\/index.php\/2025\/02\/21\/marie-jaelle-lexcentricite-virtuose\/\"},\"wordCount\":779,\"commentCount\":0,\"publisher\":{\"@id\":\"https:\/\/lesgrandesdames.fr\/#organization\"},\"image\":{\"@id\":\"https:\/\/lesgrandesdames.fr\/index.php\/2025\/02\/21\/marie-jaelle-lexcentricite-virtuose\/#primaryimage\"},\"thumbnailUrl\":\"https:\/\/lesgrandesdames.fr\/wp-content\/uploads\/2025\/02\/Les-Grandes-Dames-59.png\",\"keywords\":[\"Compositrice\",\"Musique\"],\"articleSection\":[\"Art\"],\"inLanguage\":\"fr-FR\",\"potentialAction\":[{\"@type\":\"CommentAction\",\"name\":\"Comment\",\"target\":[\"https:\/\/lesgrandesdames.fr\/index.php\/2025\/02\/21\/marie-jaelle-lexcentricite-virtuose\/#respond\"]}]},{\"@type\":\"WebPage\",\"@id\":\"https:\/\/lesgrandesdames.fr\/index.php\/2025\/02\/21\/marie-jaelle-lexcentricite-virtuose\/\",\"url\":\"https:\/\/lesgrandesdames.fr\/index.php\/2025\/02\/21\/marie-jaelle-lexcentricite-virtuose\/\",\"name\":\"Marie Ja\u00eblle, l'excentricit\u00e9 virtuose - Les Grandes Dames\",\"isPartOf\":{\"@id\":\"https:\/\/lesgrandesdames.fr\/#website\"},\"primaryImageOfPage\":{\"@id\":\"https:\/\/lesgrandesdames.fr\/index.php\/2025\/02\/21\/marie-jaelle-lexcentricite-virtuose\/#primaryimage\"},\"image\":{\"@id\":\"https:\/\/lesgrandesdames.fr\/index.php\/2025\/02\/21\/marie-jaelle-lexcentricite-virtuose\/#primaryimage\"},\"thumbnailUrl\":\"https:\/\/lesgrandesdames.fr\/wp-content\/uploads\/2025\/02\/Les-Grandes-Dames-59.png\",\"datePublished\":\"2025-02-21T16:34:16+00:00\",\"dateModified\":\"2025-02-21T16:42:59+00:00\",\"breadcrumb\":{\"@id\":\"https:\/\/lesgrandesdames.fr\/index.php\/2025\/02\/21\/marie-jaelle-lexcentricite-virtuose\/#breadcrumb\"},\"inLanguage\":\"fr-FR\",\"potentialAction\":[{\"@type\":\"ReadAction\",\"target\":[\"https:\/\/lesgrandesdames.fr\/index.php\/2025\/02\/21\/marie-jaelle-lexcentricite-virtuose\/\"]}]},{\"@type\":\"ImageObject\",\"inLanguage\":\"fr-FR\",\"@id\":\"https:\/\/lesgrandesdames.fr\/index.php\/2025\/02\/21\/marie-jaelle-lexcentricite-virtuose\/#primaryimage\",\"url\":\"https:\/\/lesgrandesdames.fr\/wp-content\/uploads\/2025\/02\/Les-Grandes-Dames-59.png\",\"contentUrl\":\"https:\/\/lesgrandesdames.fr\/wp-content\/uploads\/2025\/02\/Les-Grandes-Dames-59.png\",\"width\":4375,\"height\":1875},{\"@type\":\"BreadcrumbList\",\"@id\":\"https:\/\/lesgrandesdames.fr\/index.php\/2025\/02\/21\/marie-jaelle-lexcentricite-virtuose\/#breadcrumb\",\"itemListElement\":[{\"@type\":\"ListItem\",\"position\":1,\"name\":\"Home\",\"item\":\"https:\/\/lesgrandesdames.fr\/\"},{\"@type\":\"ListItem\",\"position\":2,\"name\":\"Marie Ja\u00eblle, l&#8217;excentricit\u00e9 virtuose\"}]},{\"@type\":\"WebSite\",\"@id\":\"https:\/\/lesgrandesdames.fr\/#website\",\"url\":\"https:\/\/lesgrandesdames.fr\/\",\"name\":\"Les Grandes Dames\",\"description\":\"\",\"publisher\":{\"@id\":\"https:\/\/lesgrandesdames.fr\/#organization\"},\"potentialAction\":[{\"@type\":\"SearchAction\",\"target\":{\"@type\":\"EntryPoint\",\"urlTemplate\":\"https:\/\/lesgrandesdames.fr\/?s={search_term_string}\"},\"query-input\":\"required name=search_term_string\"}],\"inLanguage\":\"fr-FR\"},{\"@type\":\"Organization\",\"@id\":\"https:\/\/lesgrandesdames.fr\/#organization\",\"name\":\"Les Grandes Dames\",\"url\":\"https:\/\/lesgrandesdames.fr\/\",\"logo\":{\"@type\":\"ImageObject\",\"inLanguage\":\"fr-FR\",\"@id\":\"https:\/\/lesgrandesdames.fr\/#\/schema\/logo\/image\/\",\"url\":\"https:\/\/lesgrandesdames.fr\/wp-content\/uploads\/2024\/03\/cropped-Untitled-design.png\",\"contentUrl\":\"https:\/\/lesgrandesdames.fr\/wp-content\/uploads\/2024\/03\/cropped-Untitled-design.png\",\"width\":112,\"height\":110,\"caption\":\"Les Grandes Dames\"},\"image\":{\"@id\":\"https:\/\/lesgrandesdames.fr\/#\/schema\/logo\/image\/\"}},{\"@type\":\"Person\",\"@id\":\"https:\/\/lesgrandesdames.fr\/#\/schema\/person\/ea8267daddee29ea22862142e748b9c0\",\"name\":\"Marie Jeremie\",\"image\":{\"@type\":\"ImageObject\",\"inLanguage\":\"fr-FR\",\"@id\":\"https:\/\/lesgrandesdames.fr\/#\/schema\/person\/image\/\",\"url\":\"https:\/\/secure.gravatar.com\/avatar\/e4ab802f1b111fec7bb5a8d6299ab9ad9b6398f2f574f0f65b53fd90b549f7e1?s=96&d=mm&r=g\",\"contentUrl\":\"https:\/\/secure.gravatar.com\/avatar\/e4ab802f1b111fec7bb5a8d6299ab9ad9b6398f2f574f0f65b53fd90b549f7e1?s=96&d=mm&r=g\",\"caption\":\"Marie Jeremie\"},\"url\":\"https:\/\/lesgrandesdames.fr\/index.php\/author\/marie-jeremie\/\"}]}<\/script>\n<!-- \/ Yoast SEO plugin. -->","yoast_head_json":{"title":"Marie Ja\u00eblle, l'excentricit\u00e9 virtuose - Les Grandes Dames","robots":{"index":"index","follow":"follow","max-snippet":"max-snippet:-1","max-image-preview":"max-image-preview:large","max-video-preview":"max-video-preview:-1"},"canonical":"https:\/\/lesgrandesdames.fr\/index.php\/2025\/02\/21\/marie-jaelle-lexcentricite-virtuose\/","og_locale":"fr_FR","og_type":"article","og_title":"Marie Ja\u00eblle, l'excentricit\u00e9 virtuose - Les Grandes Dames","og_description":"\u00ab\u00a0On est musicalement sourd, d\u00e8s qu\u2019on entend les sons sans entendre les relations qui existent entre les sons.\u00a0\u00bb C\u2019est par son franc-parler et ses id\u00e9es loufoques que Marie Ja\u00ebll r\u00e9ussit \u00e0 s\u2019imposer sur la sc\u00e8ne parisienne du 19e et 20e\u00a0si\u00e8cle. Pianiste virtuose, femme du non moins c\u00e9l\u00e8bre Alfred Ja\u00ebll, celle qui fut l\u2019amie de Franz [&hellip;]","og_url":"https:\/\/lesgrandesdames.fr\/index.php\/2025\/02\/21\/marie-jaelle-lexcentricite-virtuose\/","og_site_name":"Les Grandes Dames","article_published_time":"2025-02-21T16:34:16+00:00","article_modified_time":"2025-02-21T16:42:59+00:00","og_image":[{"width":1024,"height":439,"url":"http:\/\/lesgrandesdames.fr\/wp-content\/uploads\/2025\/02\/Les-Grandes-Dames-59-1024x439.png","type":"image\/png"}],"author":"Marie Jeremie","twitter_card":"summary_large_image","twitter_misc":{"\u00c9crit par":"Marie Jeremie","Dur\u00e9e de lecture estim\u00e9e":"4 minutes"},"schema":{"@context":"https:\/\/schema.org","@graph":[{"@type":"Article","@id":"https:\/\/lesgrandesdames.fr\/index.php\/2025\/02\/21\/marie-jaelle-lexcentricite-virtuose\/#article","isPartOf":{"@id":"https:\/\/lesgrandesdames.fr\/index.php\/2025\/02\/21\/marie-jaelle-lexcentricite-virtuose\/"},"author":{"name":"Marie Jeremie","@id":"https:\/\/lesgrandesdames.fr\/#\/schema\/person\/ea8267daddee29ea22862142e748b9c0"},"headline":"Marie Ja\u00eblle, l&rsquo;excentricit\u00e9 virtuose","datePublished":"2025-02-21T16:34:16+00:00","dateModified":"2025-02-21T16:42:59+00:00","mainEntityOfPage":{"@id":"https:\/\/lesgrandesdames.fr\/index.php\/2025\/02\/21\/marie-jaelle-lexcentricite-virtuose\/"},"wordCount":779,"commentCount":0,"publisher":{"@id":"https:\/\/lesgrandesdames.fr\/#organization"},"image":{"@id":"https:\/\/lesgrandesdames.fr\/index.php\/2025\/02\/21\/marie-jaelle-lexcentricite-virtuose\/#primaryimage"},"thumbnailUrl":"https:\/\/lesgrandesdames.fr\/wp-content\/uploads\/2025\/02\/Les-Grandes-Dames-59.png","keywords":["Compositrice","Musique"],"articleSection":["Art"],"inLanguage":"fr-FR","potentialAction":[{"@type":"CommentAction","name":"Comment","target":["https:\/\/lesgrandesdames.fr\/index.php\/2025\/02\/21\/marie-jaelle-lexcentricite-virtuose\/#respond"]}]},{"@type":"WebPage","@id":"https:\/\/lesgrandesdames.fr\/index.php\/2025\/02\/21\/marie-jaelle-lexcentricite-virtuose\/","url":"https:\/\/lesgrandesdames.fr\/index.php\/2025\/02\/21\/marie-jaelle-lexcentricite-virtuose\/","name":"Marie Ja\u00eblle, l'excentricit\u00e9 virtuose - Les Grandes Dames","isPartOf":{"@id":"https:\/\/lesgrandesdames.fr\/#website"},"primaryImageOfPage":{"@id":"https:\/\/lesgrandesdames.fr\/index.php\/2025\/02\/21\/marie-jaelle-lexcentricite-virtuose\/#primaryimage"},"image":{"@id":"https:\/\/lesgrandesdames.fr\/index.php\/2025\/02\/21\/marie-jaelle-lexcentricite-virtuose\/#primaryimage"},"thumbnailUrl":"https:\/\/lesgrandesdames.fr\/wp-content\/uploads\/2025\/02\/Les-Grandes-Dames-59.png","datePublished":"2025-02-21T16:34:16+00:00","dateModified":"2025-02-21T16:42:59+00:00","breadcrumb":{"@id":"https:\/\/lesgrandesdames.fr\/index.php\/2025\/02\/21\/marie-jaelle-lexcentricite-virtuose\/#breadcrumb"},"inLanguage":"fr-FR","potentialAction":[{"@type":"ReadAction","target":["https:\/\/lesgrandesdames.fr\/index.php\/2025\/02\/21\/marie-jaelle-lexcentricite-virtuose\/"]}]},{"@type":"ImageObject","inLanguage":"fr-FR","@id":"https:\/\/lesgrandesdames.fr\/index.php\/2025\/02\/21\/marie-jaelle-lexcentricite-virtuose\/#primaryimage","url":"https:\/\/lesgrandesdames.fr\/wp-content\/uploads\/2025\/02\/Les-Grandes-Dames-59.png","contentUrl":"https:\/\/lesgrandesdames.fr\/wp-content\/uploads\/2025\/02\/Les-Grandes-Dames-59.png","width":4375,"height":1875},{"@type":"BreadcrumbList","@id":"https:\/\/lesgrandesdames.fr\/index.php\/2025\/02\/21\/marie-jaelle-lexcentricite-virtuose\/#breadcrumb","itemListElement":[{"@type":"ListItem","position":1,"name":"Home","item":"https:\/\/lesgrandesdames.fr\/"},{"@type":"ListItem","position":2,"name":"Marie Ja\u00eblle, l&#8217;excentricit\u00e9 virtuose"}]},{"@type":"WebSite","@id":"https:\/\/lesgrandesdames.fr\/#website","url":"https:\/\/lesgrandesdames.fr\/","name":"Les Grandes Dames","description":"","publisher":{"@id":"https:\/\/lesgrandesdames.fr\/#organization"},"potentialAction":[{"@type":"SearchAction","target":{"@type":"EntryPoint","urlTemplate":"https:\/\/lesgrandesdames.fr\/?s={search_term_string}"},"query-input":"required name=search_term_string"}],"inLanguage":"fr-FR"},{"@type":"Organization","@id":"https:\/\/lesgrandesdames.fr\/#organization","name":"Les Grandes Dames","url":"https:\/\/lesgrandesdames.fr\/","logo":{"@type":"ImageObject","inLanguage":"fr-FR","@id":"https:\/\/lesgrandesdames.fr\/#\/schema\/logo\/image\/","url":"https:\/\/lesgrandesdames.fr\/wp-content\/uploads\/2024\/03\/cropped-Untitled-design.png","contentUrl":"https:\/\/lesgrandesdames.fr\/wp-content\/uploads\/2024\/03\/cropped-Untitled-design.png","width":112,"height":110,"caption":"Les Grandes Dames"},"image":{"@id":"https:\/\/lesgrandesdames.fr\/#\/schema\/logo\/image\/"}},{"@type":"Person","@id":"https:\/\/lesgrandesdames.fr\/#\/schema\/person\/ea8267daddee29ea22862142e748b9c0","name":"Marie Jeremie","image":{"@type":"ImageObject","inLanguage":"fr-FR","@id":"https:\/\/lesgrandesdames.fr\/#\/schema\/person\/image\/","url":"https:\/\/secure.gravatar.com\/avatar\/e4ab802f1b111fec7bb5a8d6299ab9ad9b6398f2f574f0f65b53fd90b549f7e1?s=96&d=mm&r=g","contentUrl":"https:\/\/secure.gravatar.com\/avatar\/e4ab802f1b111fec7bb5a8d6299ab9ad9b6398f2f574f0f65b53fd90b549f7e1?s=96&d=mm&r=g","caption":"Marie Jeremie"},"url":"https:\/\/lesgrandesdames.fr\/index.php\/author\/marie-jeremie\/"}]}},"_links":{"self":[{"href":"https:\/\/lesgrandesdames.fr\/index.php\/wp-json\/wp\/v2\/posts\/1432","targetHints":{"allow":["GET"]}}],"collection":[{"href":"https:\/\/lesgrandesdames.fr\/index.php\/wp-json\/wp\/v2\/posts"}],"about":[{"href":"https:\/\/lesgrandesdames.fr\/index.php\/wp-json\/wp\/v2\/types\/post"}],"author":[{"embeddable":true,"href":"https:\/\/lesgrandesdames.fr\/index.php\/wp-json\/wp\/v2\/users\/21"}],"replies":[{"embeddable":true,"href":"https:\/\/lesgrandesdames.fr\/index.php\/wp-json\/wp\/v2\/comments?post=1432"}],"version-history":[{"count":10,"href":"https:\/\/lesgrandesdames.fr\/index.php\/wp-json\/wp\/v2\/posts\/1432\/revisions"}],"predecessor-version":[{"id":1444,"href":"https:\/\/lesgrandesdames.fr\/index.php\/wp-json\/wp\/v2\/posts\/1432\/revisions\/1444"}],"wp:featuredmedia":[{"embeddable":true,"href":"https:\/\/lesgrandesdames.fr\/index.php\/wp-json\/wp\/v2\/media\/1441"}],"wp:attachment":[{"href":"https:\/\/lesgrandesdames.fr\/index.php\/wp-json\/wp\/v2\/media?parent=1432"}],"wp:term":[{"taxonomy":"category","embeddable":true,"href":"https:\/\/lesgrandesdames.fr\/index.php\/wp-json\/wp\/v2\/categories?post=1432"},{"taxonomy":"post_tag","embeddable":true,"href":"https:\/\/lesgrandesdames.fr\/index.php\/wp-json\/wp\/v2\/tags?post=1432"}],"curies":[{"name":"wp","href":"https:\/\/api.w.org\/{rel}","templated":true}]}}