{"id":328,"date":"2024-03-29T20:25:14","date_gmt":"2024-03-29T19:25:14","guid":{"rendered":"https:\/\/lesgrandesdames.fr\/?p=328"},"modified":"2024-03-29T21:26:06","modified_gmt":"2024-03-29T20:26:06","slug":"anne-de-beaujeu","status":"publish","type":"post","link":"https:\/\/lesgrandesdames.fr\/index.php\/2024\/03\/29\/anne-de-beaujeu\/","title":{"rendered":"Anne de Beaujeu \u00ab\u00a0Madame la Grande\u00a0\u00bb qui guida la France"},"content":{"rendered":"\t\t<div data-elementor-type=\"wp-post\" data-elementor-id=\"328\" class=\"elementor elementor-328\">\n\t\t\t\t<div class=\"elementor-element elementor-element-53a4877 e-flex e-con-boxed wpr-particle-no wpr-jarallax-no wpr-parallax-no wpr-sticky-section-no e-con e-parent\" data-id=\"53a4877\" data-element_type=\"container\" data-core-v316-plus=\"true\">\n\t\t\t\t\t<div class=\"e-con-inner\">\n\t\t\t\t<div class=\"elementor-element elementor-element-9805225 elementor-widget elementor-widget-text-editor\" data-id=\"9805225\" data-element_type=\"widget\" data-widget_type=\"text-editor.default\">\n\t\t\t\t<div class=\"elementor-widget-container\">\n\t\t\t<style>\/*! elementor - v3.20.0 - 26-03-2024 *\/\n.elementor-widget-text-editor.elementor-drop-cap-view-stacked .elementor-drop-cap{background-color:#69727d;color:#fff}.elementor-widget-text-editor.elementor-drop-cap-view-framed .elementor-drop-cap{color:#69727d;border:3px solid;background-color:transparent}.elementor-widget-text-editor:not(.elementor-drop-cap-view-default) .elementor-drop-cap{margin-top:8px}.elementor-widget-text-editor:not(.elementor-drop-cap-view-default) .elementor-drop-cap-letter{width:1em;height:1em}.elementor-widget-text-editor .elementor-drop-cap{float:left;text-align:center;line-height:1;font-size:50px}.elementor-widget-text-editor .elementor-drop-cap-letter{display:inline-block}<\/style>\t\t\t\t<p><span style=\"font-weight: 400;\">Dans les annales de l\u2019histoire de France, certaines figures f\u00e9minines demeurent dans l\u2019ombre des rois et des conqu\u00e9rants mais leur influence n\u2019en est pas moins puissante. Parmi elles, Anne de Beaujeu se distingue comme une femme d\u2019une intelligence remarquable et d\u2019une habilet\u00e9 politique hors pair, ayant contribu\u00e9 de mani\u00e8re significative \u00e0 l\u2019ascension de la France au cours de la fin du XVe et du d\u00e9but du XVIe si\u00e8cle.\u00a0<\/span><\/p><p><span style=\"font-weight: 400;\">Anne naquit le 3 avril 1461. Fille du roi Louis XI et de Charlotte de Savoie, elle fut immerg\u00e9e d\u00e8s son plus jeune \u00e2ge dans l\u2019atmosph\u00e8re politique tumultueuse de la cour fran\u00e7aise. Son p\u00e8re, connu pour sa ruse et sa d\u00e9termination, reconnut rapidement l\u2019intelligence exceptionnelle de sa fille a\u00een\u00e9e. Il affirma qu\u2019elle \u00e9tait \u00ab\u00a0la seule femme de t\u00eate de tout le royaume\u00a0\u00bb. Il d\u00e9cida donc de l\u2019impliquer activement dans les affaires de l\u2019\u00c9tat. Cependant, ce ne fut qu\u2019apr\u00e8s la mort de Louis XI, en 1483, que le v\u00e9ritable g\u00e9nie politique d\u2019Anne commen\u00e7a \u00e0 se manifester. Son jeune fr\u00e8re, Charles VIII, monta sur le tr\u00f4ne \u00e0 l\u2019\u00e2ge de treize ans, ce qui ouvrit la voie \u00e0 une p\u00e9riode d\u2019instabilit\u00e9 politique. Anne, alors \u00e2g\u00e9e de vingt-deux ans, se trouva soudainement catapult\u00e9e au c\u0153ur du pouvoir en tant que r\u00e9gente du royaume, assumant la responsabilit\u00e9 de gouverner au nom de son fr\u00e8re mineur avec son mari, Pierre II de Bourbon.\u00a0<\/span><\/p><p><span style=\"font-weight: 400;\">D\u00e8s le d\u00e9but de sa r\u00e9gence, Anne fit preuve d\u2019une remarquable capacit\u00e9 \u00e0 naviguer dans les eaux troubles de la politique fran\u00e7aise. Elle \u00e9tait consciente des d\u00e9fis auxquels elle \u00e9tait confront\u00e9e\u00a0: des nobles ambitieux cherchant \u00e0 accro\u00eetre leur propre pouvoir, des alliances fragiles avec d\u2019autres nations europ\u00e9ennes et une cour royale pleine d\u2019intrigues et de rivalit\u00e9s. Pour consolider sa position et maintenir la stabilit\u00e9 du royaume, Anne prit des mesures audacieuses et strat\u00e9giques. Elle sut \u00e9galement man\u0153uvrer habilement sur l\u2019\u00e9chiquier diplomatique europ\u00e9en, concluant des trait\u00e9s avantageux et pr\u00e9servant les int\u00e9r\u00eats de la France.\u00a0<\/span><\/p><p><span style=\"font-weight: 400;\">Cependant, la v\u00e9ritable marque du leadership d\u2019Anne r\u00e9side dans ses r\u00e9formes administratives et judiciaires novatrices. Elle mit en place un syst\u00e8me de gouvernement efficace, centralisant le pouvoir royal et r\u00e9organisant l\u2019administration pour assurer une plus grande coh\u00e9rence et une meilleure efficacit\u00e9. De plus, elle s\u2019effor\u00e7a de promouvoir la justice en r\u00e9formant le syst\u00e8me judiciaire, cherchant \u00e0 garantir l\u2019\u00e9galit\u00e9 devant la loi pour tous les citoyens, ind\u00e9pendamment de leur statut social.\u00a0<\/span><\/p><p><span style=\"font-weight: 400;\">Malgr\u00e9 ses r\u00e9alisations remarquables, Anne de Beaujeu reste encore m\u00e9connue du grand public. Son r\u00f4le de r\u00e9gente est souvent \u00e9clips\u00e9 par celui de son fr\u00e8re, Charles VIII, ou de son p\u00e8re, Louis XI. Pourtant, son influence fut incontestablement cruciale dans la consolidation du pouvoir royal et dans la pr\u00e9servation de l\u2019int\u00e9grit\u00e9 du royaume fran\u00e7ais \u00e0 une \u00e9poque de grande instabilit\u00e9 politique. En revisitant l\u2019histoire, il est essentiel de reconna\u00eetre le r\u00f4le crucial jou\u00e9 par des femmes telles qu\u2019Anne de Beaujeu dont les contributions ont \u00e9t\u00e9 essentielles \u00e0 l\u2019ascension de la France en tant que grande puissance europ\u00e9enne. Leur h\u00e9ritage m\u00e9rite d\u2019\u00eatre c\u00e9l\u00e9br\u00e9 et leur m\u00e9moire honor\u00e9e, car elles ont contribu\u00e9 de mani\u00e8re ind\u00e9l\u00e9bile \u00e0 fa\u00e7onner le destin de leur nation.<\/span><\/p><h5 class=\"itemTitle\">\u00a9 Victoria Glineur<\/h5>\t\t\t\t\t\t<\/div>\n\t\t\t\t<\/div>\n\t\t\t\t\t<\/div>\n\t\t\t\t<\/div>\n\t\t\t\t<\/div>\n\t\t","protected":false},"excerpt":{"rendered":"<p>Dans les annales de l\u2019histoire de France, certaines figures f\u00e9minines demeurent dans l\u2019ombre des rois et des conqu\u00e9rants mais leur influence n\u2019en est pas moins puissante. Parmi elles, Anne de Beaujeu se distingue comme une femme d\u2019une intelligence remarquable et d\u2019une habilet\u00e9 politique hors pair, ayant contribu\u00e9 de mani\u00e8re significative \u00e0 l\u2019ascension de la France [&hellip;]<\/p>\n","protected":false},"author":3,"featured_media":329,"comment_status":"open","ping_status":"open","sticky":false,"template":"","format":"standard","meta":{"footnotes":""},"categories":[6],"tags":[9,11,10],"class_list":["post-328","post","type-post","status-publish","format-standard","has-post-thumbnail","hentry","category-histoire","tag-anne-de-beaujeu","tag-article","tag-histoire"],"yoast_head":"<!-- This site is optimized with the Yoast SEO plugin v22.3 - https:\/\/yoast.com\/wordpress\/plugins\/seo\/ -->\n<title>Anne de Beaujeu &quot;Madame la Grande&quot; qui guida la France - Les Grandes Dames<\/title>\n<meta name=\"robots\" content=\"index, follow, max-snippet:-1, max-image-preview:large, max-video-preview:-1\" \/>\n<link rel=\"canonical\" href=\"https:\/\/lesgrandesdames.fr\/index.php\/2024\/03\/29\/anne-de-beaujeu\/\" \/>\n<meta property=\"og:locale\" content=\"fr_FR\" \/>\n<meta property=\"og:type\" content=\"article\" \/>\n<meta property=\"og:title\" content=\"Anne de Beaujeu &quot;Madame la Grande&quot; qui guida la France - Les Grandes Dames\" \/>\n<meta property=\"og:description\" content=\"Dans les annales de l\u2019histoire de France, certaines figures f\u00e9minines demeurent dans l\u2019ombre des rois et des conqu\u00e9rants mais leur influence n\u2019en est pas moins puissante. Parmi elles, Anne de Beaujeu se distingue comme une femme d\u2019une intelligence remarquable et d\u2019une habilet\u00e9 politique hors pair, ayant contribu\u00e9 de mani\u00e8re significative \u00e0 l\u2019ascension de la France [&hellip;]\" \/>\n<meta property=\"og:url\" content=\"https:\/\/lesgrandesdames.fr\/index.php\/2024\/03\/29\/anne-de-beaujeu\/\" \/>\n<meta property=\"og:site_name\" content=\"Les Grandes Dames\" \/>\n<meta property=\"article:published_time\" content=\"2024-03-29T19:25:14+00:00\" \/>\n<meta property=\"article:modified_time\" content=\"2024-03-29T20:26:06+00:00\" \/>\n<meta property=\"og:image\" content=\"http:\/\/lesgrandesdames.fr\/wp-content\/uploads\/2024\/03\/Les-Grandes-Dames-1024x439.png\" \/>\n\t<meta property=\"og:image:width\" content=\"1024\" \/>\n\t<meta property=\"og:image:height\" content=\"439\" \/>\n\t<meta property=\"og:image:type\" content=\"image\/png\" \/>\n<meta name=\"author\" content=\"Victoria Glineur\" \/>\n<meta name=\"twitter:card\" content=\"summary_large_image\" \/>\n<meta name=\"twitter:label1\" content=\"\u00c9crit par\" \/>\n\t<meta name=\"twitter:data1\" content=\"Victoria Glineur\" \/>\n\t<meta name=\"twitter:label2\" content=\"Dur\u00e9e de lecture estim\u00e9e\" \/>\n\t<meta name=\"twitter:data2\" content=\"3 minutes\" \/>\n<script type=\"application\/ld+json\" class=\"yoast-schema-graph\">{\"@context\":\"https:\/\/schema.org\",\"@graph\":[{\"@type\":\"Article\",\"@id\":\"https:\/\/lesgrandesdames.fr\/index.php\/2024\/03\/29\/anne-de-beaujeu\/#article\",\"isPartOf\":{\"@id\":\"https:\/\/lesgrandesdames.fr\/index.php\/2024\/03\/29\/anne-de-beaujeu\/\"},\"author\":{\"name\":\"Victoria Glineur\",\"@id\":\"https:\/\/lesgrandesdames.fr\/#\/schema\/person\/e7716d8bd309cd14649f480a5a8c9ebb\"},\"headline\":\"Anne de Beaujeu \u00ab\u00a0Madame la Grande\u00a0\u00bb qui guida la France\",\"datePublished\":\"2024-03-29T19:25:14+00:00\",\"dateModified\":\"2024-03-29T20:26:06+00:00\",\"mainEntityOfPage\":{\"@id\":\"https:\/\/lesgrandesdames.fr\/index.php\/2024\/03\/29\/anne-de-beaujeu\/\"},\"wordCount\":610,\"commentCount\":0,\"publisher\":{\"@id\":\"https:\/\/lesgrandesdames.fr\/#organization\"},\"image\":{\"@id\":\"https:\/\/lesgrandesdames.fr\/index.php\/2024\/03\/29\/anne-de-beaujeu\/#primaryimage\"},\"thumbnailUrl\":\"https:\/\/lesgrandesdames.fr\/wp-content\/uploads\/2024\/03\/Les-Grandes-Dames.png\",\"keywords\":[\"Anne de Beaujeu\",\"Article\",\"Histoire\"],\"articleSection\":[\"Histoire\"],\"inLanguage\":\"fr-FR\",\"potentialAction\":[{\"@type\":\"CommentAction\",\"name\":\"Comment\",\"target\":[\"https:\/\/lesgrandesdames.fr\/index.php\/2024\/03\/29\/anne-de-beaujeu\/#respond\"]}]},{\"@type\":\"WebPage\",\"@id\":\"https:\/\/lesgrandesdames.fr\/index.php\/2024\/03\/29\/anne-de-beaujeu\/\",\"url\":\"https:\/\/lesgrandesdames.fr\/index.php\/2024\/03\/29\/anne-de-beaujeu\/\",\"name\":\"Anne de Beaujeu \\\"Madame la Grande\\\" qui guida la France - Les Grandes Dames\",\"isPartOf\":{\"@id\":\"https:\/\/lesgrandesdames.fr\/#website\"},\"primaryImageOfPage\":{\"@id\":\"https:\/\/lesgrandesdames.fr\/index.php\/2024\/03\/29\/anne-de-beaujeu\/#primaryimage\"},\"image\":{\"@id\":\"https:\/\/lesgrandesdames.fr\/index.php\/2024\/03\/29\/anne-de-beaujeu\/#primaryimage\"},\"thumbnailUrl\":\"https:\/\/lesgrandesdames.fr\/wp-content\/uploads\/2024\/03\/Les-Grandes-Dames.png\",\"datePublished\":\"2024-03-29T19:25:14+00:00\",\"dateModified\":\"2024-03-29T20:26:06+00:00\",\"breadcrumb\":{\"@id\":\"https:\/\/lesgrandesdames.fr\/index.php\/2024\/03\/29\/anne-de-beaujeu\/#breadcrumb\"},\"inLanguage\":\"fr-FR\",\"potentialAction\":[{\"@type\":\"ReadAction\",\"target\":[\"https:\/\/lesgrandesdames.fr\/index.php\/2024\/03\/29\/anne-de-beaujeu\/\"]}]},{\"@type\":\"ImageObject\",\"inLanguage\":\"fr-FR\",\"@id\":\"https:\/\/lesgrandesdames.fr\/index.php\/2024\/03\/29\/anne-de-beaujeu\/#primaryimage\",\"url\":\"https:\/\/lesgrandesdames.fr\/wp-content\/uploads\/2024\/03\/Les-Grandes-Dames.png\",\"contentUrl\":\"https:\/\/lesgrandesdames.fr\/wp-content\/uploads\/2024\/03\/Les-Grandes-Dames.png\",\"width\":4375,\"height\":1875},{\"@type\":\"BreadcrumbList\",\"@id\":\"https:\/\/lesgrandesdames.fr\/index.php\/2024\/03\/29\/anne-de-beaujeu\/#breadcrumb\",\"itemListElement\":[{\"@type\":\"ListItem\",\"position\":1,\"name\":\"Home\",\"item\":\"https:\/\/lesgrandesdames.fr\/\"},{\"@type\":\"ListItem\",\"position\":2,\"name\":\"Anne de Beaujeu &#8220;Madame la Grande&#8221; qui guida la France\"}]},{\"@type\":\"WebSite\",\"@id\":\"https:\/\/lesgrandesdames.fr\/#website\",\"url\":\"https:\/\/lesgrandesdames.fr\/\",\"name\":\"Les Grandes Dames\",\"description\":\"\",\"publisher\":{\"@id\":\"https:\/\/lesgrandesdames.fr\/#organization\"},\"potentialAction\":[{\"@type\":\"SearchAction\",\"target\":{\"@type\":\"EntryPoint\",\"urlTemplate\":\"https:\/\/lesgrandesdames.fr\/?s={search_term_string}\"},\"query-input\":\"required name=search_term_string\"}],\"inLanguage\":\"fr-FR\"},{\"@type\":\"Organization\",\"@id\":\"https:\/\/lesgrandesdames.fr\/#organization\",\"name\":\"Les Grandes Dames\",\"url\":\"https:\/\/lesgrandesdames.fr\/\",\"logo\":{\"@type\":\"ImageObject\",\"inLanguage\":\"fr-FR\",\"@id\":\"https:\/\/lesgrandesdames.fr\/#\/schema\/logo\/image\/\",\"url\":\"https:\/\/lesgrandesdames.fr\/wp-content\/uploads\/2024\/03\/cropped-Untitled-design.png\",\"contentUrl\":\"https:\/\/lesgrandesdames.fr\/wp-content\/uploads\/2024\/03\/cropped-Untitled-design.png\",\"width\":112,\"height\":110,\"caption\":\"Les Grandes Dames\"},\"image\":{\"@id\":\"https:\/\/lesgrandesdames.fr\/#\/schema\/logo\/image\/\"}},{\"@type\":\"Person\",\"@id\":\"https:\/\/lesgrandesdames.fr\/#\/schema\/person\/e7716d8bd309cd14649f480a5a8c9ebb\",\"name\":\"Victoria Glineur\",\"image\":{\"@type\":\"ImageObject\",\"inLanguage\":\"fr-FR\",\"@id\":\"https:\/\/lesgrandesdames.fr\/#\/schema\/person\/image\/\",\"url\":\"https:\/\/secure.gravatar.com\/avatar\/0f8a2b1299f883ae631d89bb98b06b20b30dc52607d1468c63c8db66c1673dee?s=96&d=mm&r=g\",\"contentUrl\":\"https:\/\/secure.gravatar.com\/avatar\/0f8a2b1299f883ae631d89bb98b06b20b30dc52607d1468c63c8db66c1673dee?s=96&d=mm&r=g\",\"caption\":\"Victoria Glineur\"},\"url\":\"https:\/\/lesgrandesdames.fr\/index.php\/author\/victoria-glineur\/\"}]}<\/script>\n<!-- \/ Yoast SEO plugin. -->","yoast_head_json":{"title":"Anne de Beaujeu \"Madame la Grande\" qui guida la France - Les Grandes Dames","robots":{"index":"index","follow":"follow","max-snippet":"max-snippet:-1","max-image-preview":"max-image-preview:large","max-video-preview":"max-video-preview:-1"},"canonical":"https:\/\/lesgrandesdames.fr\/index.php\/2024\/03\/29\/anne-de-beaujeu\/","og_locale":"fr_FR","og_type":"article","og_title":"Anne de Beaujeu \"Madame la Grande\" qui guida la France - Les Grandes Dames","og_description":"Dans les annales de l\u2019histoire de France, certaines figures f\u00e9minines demeurent dans l\u2019ombre des rois et des conqu\u00e9rants mais leur influence n\u2019en est pas moins puissante. Parmi elles, Anne de Beaujeu se distingue comme une femme d\u2019une intelligence remarquable et d\u2019une habilet\u00e9 politique hors pair, ayant contribu\u00e9 de mani\u00e8re significative \u00e0 l\u2019ascension de la France [&hellip;]","og_url":"https:\/\/lesgrandesdames.fr\/index.php\/2024\/03\/29\/anne-de-beaujeu\/","og_site_name":"Les Grandes Dames","article_published_time":"2024-03-29T19:25:14+00:00","article_modified_time":"2024-03-29T20:26:06+00:00","og_image":[{"width":1024,"height":439,"url":"http:\/\/lesgrandesdames.fr\/wp-content\/uploads\/2024\/03\/Les-Grandes-Dames-1024x439.png","type":"image\/png"}],"author":"Victoria Glineur","twitter_card":"summary_large_image","twitter_misc":{"\u00c9crit par":"Victoria Glineur","Dur\u00e9e de lecture estim\u00e9e":"3 minutes"},"schema":{"@context":"https:\/\/schema.org","@graph":[{"@type":"Article","@id":"https:\/\/lesgrandesdames.fr\/index.php\/2024\/03\/29\/anne-de-beaujeu\/#article","isPartOf":{"@id":"https:\/\/lesgrandesdames.fr\/index.php\/2024\/03\/29\/anne-de-beaujeu\/"},"author":{"name":"Victoria Glineur","@id":"https:\/\/lesgrandesdames.fr\/#\/schema\/person\/e7716d8bd309cd14649f480a5a8c9ebb"},"headline":"Anne de Beaujeu \u00ab\u00a0Madame la Grande\u00a0\u00bb qui guida la France","datePublished":"2024-03-29T19:25:14+00:00","dateModified":"2024-03-29T20:26:06+00:00","mainEntityOfPage":{"@id":"https:\/\/lesgrandesdames.fr\/index.php\/2024\/03\/29\/anne-de-beaujeu\/"},"wordCount":610,"commentCount":0,"publisher":{"@id":"https:\/\/lesgrandesdames.fr\/#organization"},"image":{"@id":"https:\/\/lesgrandesdames.fr\/index.php\/2024\/03\/29\/anne-de-beaujeu\/#primaryimage"},"thumbnailUrl":"https:\/\/lesgrandesdames.fr\/wp-content\/uploads\/2024\/03\/Les-Grandes-Dames.png","keywords":["Anne de Beaujeu","Article","Histoire"],"articleSection":["Histoire"],"inLanguage":"fr-FR","potentialAction":[{"@type":"CommentAction","name":"Comment","target":["https:\/\/lesgrandesdames.fr\/index.php\/2024\/03\/29\/anne-de-beaujeu\/#respond"]}]},{"@type":"WebPage","@id":"https:\/\/lesgrandesdames.fr\/index.php\/2024\/03\/29\/anne-de-beaujeu\/","url":"https:\/\/lesgrandesdames.fr\/index.php\/2024\/03\/29\/anne-de-beaujeu\/","name":"Anne de Beaujeu \"Madame la Grande\" qui guida la France - Les Grandes Dames","isPartOf":{"@id":"https:\/\/lesgrandesdames.fr\/#website"},"primaryImageOfPage":{"@id":"https:\/\/lesgrandesdames.fr\/index.php\/2024\/03\/29\/anne-de-beaujeu\/#primaryimage"},"image":{"@id":"https:\/\/lesgrandesdames.fr\/index.php\/2024\/03\/29\/anne-de-beaujeu\/#primaryimage"},"thumbnailUrl":"https:\/\/lesgrandesdames.fr\/wp-content\/uploads\/2024\/03\/Les-Grandes-Dames.png","datePublished":"2024-03-29T19:25:14+00:00","dateModified":"2024-03-29T20:26:06+00:00","breadcrumb":{"@id":"https:\/\/lesgrandesdames.fr\/index.php\/2024\/03\/29\/anne-de-beaujeu\/#breadcrumb"},"inLanguage":"fr-FR","potentialAction":[{"@type":"ReadAction","target":["https:\/\/lesgrandesdames.fr\/index.php\/2024\/03\/29\/anne-de-beaujeu\/"]}]},{"@type":"ImageObject","inLanguage":"fr-FR","@id":"https:\/\/lesgrandesdames.fr\/index.php\/2024\/03\/29\/anne-de-beaujeu\/#primaryimage","url":"https:\/\/lesgrandesdames.fr\/wp-content\/uploads\/2024\/03\/Les-Grandes-Dames.png","contentUrl":"https:\/\/lesgrandesdames.fr\/wp-content\/uploads\/2024\/03\/Les-Grandes-Dames.png","width":4375,"height":1875},{"@type":"BreadcrumbList","@id":"https:\/\/lesgrandesdames.fr\/index.php\/2024\/03\/29\/anne-de-beaujeu\/#breadcrumb","itemListElement":[{"@type":"ListItem","position":1,"name":"Home","item":"https:\/\/lesgrandesdames.fr\/"},{"@type":"ListItem","position":2,"name":"Anne de Beaujeu &#8220;Madame la Grande&#8221; qui guida la France"}]},{"@type":"WebSite","@id":"https:\/\/lesgrandesdames.fr\/#website","url":"https:\/\/lesgrandesdames.fr\/","name":"Les Grandes Dames","description":"","publisher":{"@id":"https:\/\/lesgrandesdames.fr\/#organization"},"potentialAction":[{"@type":"SearchAction","target":{"@type":"EntryPoint","urlTemplate":"https:\/\/lesgrandesdames.fr\/?s={search_term_string}"},"query-input":"required name=search_term_string"}],"inLanguage":"fr-FR"},{"@type":"Organization","@id":"https:\/\/lesgrandesdames.fr\/#organization","name":"Les Grandes Dames","url":"https:\/\/lesgrandesdames.fr\/","logo":{"@type":"ImageObject","inLanguage":"fr-FR","@id":"https:\/\/lesgrandesdames.fr\/#\/schema\/logo\/image\/","url":"https:\/\/lesgrandesdames.fr\/wp-content\/uploads\/2024\/03\/cropped-Untitled-design.png","contentUrl":"https:\/\/lesgrandesdames.fr\/wp-content\/uploads\/2024\/03\/cropped-Untitled-design.png","width":112,"height":110,"caption":"Les Grandes Dames"},"image":{"@id":"https:\/\/lesgrandesdames.fr\/#\/schema\/logo\/image\/"}},{"@type":"Person","@id":"https:\/\/lesgrandesdames.fr\/#\/schema\/person\/e7716d8bd309cd14649f480a5a8c9ebb","name":"Victoria Glineur","image":{"@type":"ImageObject","inLanguage":"fr-FR","@id":"https:\/\/lesgrandesdames.fr\/#\/schema\/person\/image\/","url":"https:\/\/secure.gravatar.com\/avatar\/0f8a2b1299f883ae631d89bb98b06b20b30dc52607d1468c63c8db66c1673dee?s=96&d=mm&r=g","contentUrl":"https:\/\/secure.gravatar.com\/avatar\/0f8a2b1299f883ae631d89bb98b06b20b30dc52607d1468c63c8db66c1673dee?s=96&d=mm&r=g","caption":"Victoria Glineur"},"url":"https:\/\/lesgrandesdames.fr\/index.php\/author\/victoria-glineur\/"}]}},"_links":{"self":[{"href":"https:\/\/lesgrandesdames.fr\/index.php\/wp-json\/wp\/v2\/posts\/328","targetHints":{"allow":["GET"]}}],"collection":[{"href":"https:\/\/lesgrandesdames.fr\/index.php\/wp-json\/wp\/v2\/posts"}],"about":[{"href":"https:\/\/lesgrandesdames.fr\/index.php\/wp-json\/wp\/v2\/types\/post"}],"author":[{"embeddable":true,"href":"https:\/\/lesgrandesdames.fr\/index.php\/wp-json\/wp\/v2\/users\/3"}],"replies":[{"embeddable":true,"href":"https:\/\/lesgrandesdames.fr\/index.php\/wp-json\/wp\/v2\/comments?post=328"}],"version-history":[{"count":7,"href":"https:\/\/lesgrandesdames.fr\/index.php\/wp-json\/wp\/v2\/posts\/328\/revisions"}],"predecessor-version":[{"id":340,"href":"https:\/\/lesgrandesdames.fr\/index.php\/wp-json\/wp\/v2\/posts\/328\/revisions\/340"}],"wp:featuredmedia":[{"embeddable":true,"href":"https:\/\/lesgrandesdames.fr\/index.php\/wp-json\/wp\/v2\/media\/329"}],"wp:attachment":[{"href":"https:\/\/lesgrandesdames.fr\/index.php\/wp-json\/wp\/v2\/media?parent=328"}],"wp:term":[{"taxonomy":"category","embeddable":true,"href":"https:\/\/lesgrandesdames.fr\/index.php\/wp-json\/wp\/v2\/categories?post=328"},{"taxonomy":"post_tag","embeddable":true,"href":"https:\/\/lesgrandesdames.fr\/index.php\/wp-json\/wp\/v2\/tags?post=328"}],"curies":[{"name":"wp","href":"https:\/\/api.w.org\/{rel}","templated":true}]}}