{"id":953,"date":"2024-07-30T23:35:47","date_gmt":"2024-07-30T21:35:47","guid":{"rendered":"https:\/\/lesgrandesdames.fr\/?p=953"},"modified":"2024-07-31T00:00:29","modified_gmt":"2024-07-30T22:00:29","slug":"hubertine-auclert-premiere-suffragette-et-feministe-francaise","status":"publish","type":"post","link":"https:\/\/lesgrandesdames.fr\/index.php\/2024\/07\/30\/hubertine-auclert-premiere-suffragette-et-feministe-francaise\/","title":{"rendered":"Hubertine Auclert : Premi\u00e8re suffragette et f\u00e9ministe fran\u00e7aise"},"content":{"rendered":"\t\t<div data-elementor-type=\"wp-post\" data-elementor-id=\"953\" class=\"elementor elementor-953\">\n\t\t\t\t<div class=\"elementor-element elementor-element-a8dd5a0 e-flex e-con-boxed wpr-particle-no wpr-jarallax-no wpr-parallax-no wpr-sticky-section-no e-con e-parent\" data-id=\"a8dd5a0\" data-element_type=\"container\" data-core-v316-plus=\"true\">\n\t\t\t\t\t<div class=\"e-con-inner\">\n\t\t\t\t<div class=\"elementor-element elementor-element-0f2bfad elementor-widget elementor-widget-text-editor\" data-id=\"0f2bfad\" data-element_type=\"widget\" data-widget_type=\"text-editor.default\">\n\t\t\t\t<div class=\"elementor-widget-container\">\n\t\t\t<style>\/*! elementor - v3.20.0 - 26-03-2024 *\/\n.elementor-widget-text-editor.elementor-drop-cap-view-stacked .elementor-drop-cap{background-color:#69727d;color:#fff}.elementor-widget-text-editor.elementor-drop-cap-view-framed .elementor-drop-cap{color:#69727d;border:3px solid;background-color:transparent}.elementor-widget-text-editor:not(.elementor-drop-cap-view-default) .elementor-drop-cap{margin-top:8px}.elementor-widget-text-editor:not(.elementor-drop-cap-view-default) .elementor-drop-cap-letter{width:1em;height:1em}.elementor-widget-text-editor .elementor-drop-cap{float:left;text-align:center;line-height:1;font-size:50px}.elementor-widget-text-editor .elementor-drop-cap-letter{display:inline-block}<\/style>\t\t\t\t<p><span style=\"font-weight: 400;\">Marie Anne Hubertine Auclert, de son vrai nom, na\u00eet le 10 avril 1848 \u00e0 Saint-Priest-en Murat, dans l\u2019Allier. Cinqui\u00e8me n\u00e9e d\u2019une fratrie de sept enfants, elle est la fille d\u2019un riche\u00a0 fermier r\u00e9publicain, Jean-Baptiste Auclert et de sa femme, Marie Chanudet. L\u2019av\u00e8nement de la\u00a0 Deuxi\u00e8me R\u00e9publique en 1848, permet \u00e0 Jean-Baptiste d\u2019\u00eatre nomm\u00e9 maire. Mais il est\u00a0 destitu\u00e9, trois ans apr\u00e8s, par le coup d\u2019\u00c9tat du futur Napol\u00e9on III. D\u00e8s lors et jusqu\u2019en 1861,\u00a0 ann\u00e9e de sa mort, il est connu pour \u00eatre un farouche opposant du Second Empire. La jeune\u00a0 Hubertine perd son p\u00e8re \u00e0 l\u2019\u00e2ge de treize ans. En revanche, si Hubertine n\u2019a plus de mod\u00e8le de\u00a0 r\u00e9volte, sa m\u00e8re lui fournira cependant un autre exemple de r\u00e9volte contre l\u2019autorit\u00e9 \u00e9tablie. En\u00a0 effet, elle est engag\u00e9e dans la d\u00e9fense des \u00ab filles-m\u00e8res \u00bb. Marie Chanudet consacre ainsi sa\u00a0 vie \u00e0 venir en aide aux jeunes m\u00e8res hors mariage en les ins\u00e9rant dans la soci\u00e9t\u00e9 par le travail,\u00a0<\/span><span style=\"font-weight: 400;\">source d\u2019ind\u00e9pendance financi\u00e8re.\u00a0<\/span><\/p><p><span style=\"font-weight: 400;\">Hubertine est n\u00e9anmoins plac\u00e9e dans une pension de religieuses d\u00e8s ses neuf ans, o\u00f9\u00a0 elle suit toute sa scolarit\u00e9, sa m\u00e8re souhaitant la voir devenir nonne. Tr\u00e8s croyante, elle souhaite\u00a0 elle-m\u00eame devenir religieuse chez les Filles de la charit\u00e9 de Saint-Vincent-de-Paul mais, jug\u00e9e\u00a0 trop \u00ab mystique \u00bb par les membres de la congr\u00e9gation, elle n\u2019y est pas accept\u00e9e. Elle quitte le\u00a0 couvent en 1864, \u00e0 l\u2019\u00e2ge de seize ans, et rejoint sa m\u00e8re au domicile de son oncle. Deux ans\u00a0 plus tard, celle-ci d\u00e9c\u00e8de ; le fr\u00e8re d\u2019Hubertine la place alors dans un couvent \u00e0 Montlu\u00e7on,\u00a0 duquel elle est pour la seconde fois rejet\u00e9e en 1869, jug\u00e9e cette fois-ci trop ind\u00e9pendante par\u00a0 les religieuses, ce qui fait na\u00eetre en elle un sentiment anticl\u00e9rical qui la suivra toute sa vie.\u00a0<\/span><\/p><p><span style=\"font-weight: 400;\">Ayant h\u00e9rit\u00e9 du patrimoine de ses parents, elle est, \u00e0 l\u2019\u00e2ge de dix-neuf ans, d\u00e9sormais\u00a0 libre et mat\u00e9riellement ind\u00e9pendante. Inspir\u00e9e par les \u00e9crits de Victor Hugo et les discours de\u00a0 L\u00e9on Richer, journaliste libre-penseur consid\u00e9r\u00e9 par Simone de Beauvoir comme le v\u00e9ritable\u00a0 fondateur du f\u00e9minisme, elle milite pour le r\u00e9publicanisme et la d\u00e9fense des droits des femmes.\u00a0<\/span><\/p><p><span style=\"font-weight: 400;\">Elle est particuli\u00e8rement mobilis\u00e9e pour la r\u00e9vision des lois du Code Napol\u00e9on, qui consid\u00e8re\u00a0 la femme mari\u00e9e comme une \u00e9ternelle mineure devant soumission et ob\u00e9issance \u00e0 son mari. Hubertine Auclert quitte son Bourbonnais natal pour Paris en 1873. Elle rejoint\u00a0 l\u2019Association pour le droit des femmes, cr\u00e9\u00e9e en 1870 par les \u00e9poux L\u00e9on Richer et Maria\u00a0 Deraismes, et exige des changements radicaux dans les lois patriarcales ent\u00e9rin\u00e9es par l\u2019ex empereur. Hubertine quitte l\u2019association en 1878, s\u2019opposant frontalement \u00e0 Richer qui lui\u00a0 refuse une tribune au Congr\u00e8s international pour le droit des femmes ayant lieu la m\u00eame ann\u00e9e,\u00a0<\/span><span style=\"font-weight: 400;\">et dont l\u2019action porte principalement sur le r\u00e9gime civil des femmes, sans soutenir le suffrage\u00a0 f\u00e9minin.\u00a0<\/span><\/p><p><span style=\"font-weight: 400;\">La jeune femme, ayant fond\u00e9 Le Droit des femmes en 1876, souhaite pousser encore\u00a0 davantage les actions du mouvement f\u00e9ministe fran\u00e7ais. Elle r\u00e9clame le droit de voter et de se\u00a0 pr\u00e9senter aux \u00e9lections pour les femmes. Elle estime \u00e9galement que sans cet acc\u00e8s aux urnes et\u00a0 \u00e0 la repr\u00e9sentation nationale ou locale, la condition civile des femmes reste conditionn\u00e9e au bon\u00a0 vouloir des hommes. Elle fait alors para\u00eetre plusieurs articles dans des journaux dont <\/span><i><span style=\"font-weight: 400;\">l\u2019Avenir\u00a0 des femmes <\/span><\/i><span style=\"font-weight: 400;\">de Maria Deraismes, avec l\u2019appui de Victor Hugo. Autre fait marquant pour\u00a0 l\u2019\u00e9poque, Hubertine devient membre ex\u00e9cutive du Comit\u00e9 central socialiste de secours aux\u00a0 amnisti\u00e9s et aux non-amnisti\u00e9s de la Commune. Se tournant vers le mouvement socialiste, elle lance un appel aux femmes fran\u00e7aises au printemps 1877 :\u00a0\u00a0<\/span><\/p>\t\t\t\t\t\t<\/div>\n\t\t\t\t<\/div>\n\t\t\t\t<div class=\"elementor-element elementor-element-45e90da elementor-widget elementor-widget-text-editor\" data-id=\"45e90da\" data-element_type=\"widget\" data-widget_type=\"text-editor.default\">\n\t\t\t\t<div class=\"elementor-widget-container\">\n\t\t\t\t\t\t\t<p><b>\u00ab Femmes de France, nous aussi nous avons des droits \u00e0 revendiquer : il est temps de sortir\u00a0 de l\u2019indiff\u00e9rence et de l\u2019inertie pour r\u00e9clamer contre les pr\u00e9jug\u00e9s et les lois qui nous\u00a0 humilient. Unissons nos efforts, associons-nous ; l\u2019exemple des prol\u00e9taires nous sollicite ;\u00a0 sachons nous \u00e9manciper comme eux ! \u00bb. <\/b><\/p>\t\t\t\t\t\t<\/div>\n\t\t\t\t<\/div>\n\t\t\t\t<div class=\"elementor-element elementor-element-2e356c0 elementor-widget elementor-widget-text-editor\" data-id=\"2e356c0\" data-element_type=\"widget\" data-widget_type=\"text-editor.default\">\n\t\t\t\t<div class=\"elementor-widget-container\">\n\t\t\t\t\t\t\t<p><span style=\"font-weight: 400;\">Ensuite, elle participe au troisi\u00e8me Congr\u00e8s socialiste ouvrier d\u2019octobre 1879 et r\u00e9dige\u00a0 un rapport o\u00f9 elle \u00e9crit qu\u2019\u00ab une R\u00e9publique qui maintiendra les femmes dans une condition\u00a0 d\u2019inf\u00e9riorit\u00e9 ne pourra pas faire les hommes \u00e9gaux \u00bb, citation qui ne rencontre alors que peu\u00a0 d\u2019\u00e9cho dans le mouvement socialiste. De plus en plus radicale, elle entame une gr\u00e8ve de\u00a0 l\u2019imp\u00f4t en 1880. N\u2019ayant rien perdu de son app\u00e9tence pour l\u2019\u00e9criture et le journalisme, elle\u00a0 lance le 13 f\u00e9vrier 1881 le journal <\/span><i><span style=\"font-weight: 400;\">La Citoyenne<\/span><\/i><span style=\"font-weight: 400;\">, recevant le soutien de l\u2019\u00e9lite f\u00e9ministe naissante, telles l\u2019\u00e9crivaine et journaliste S\u00e9verine et la diariste, peintre et sculptrice Marie\u00a0 Bashkirtseff, qui y r\u00e9dige plusieurs articles.\u00a0\u00a0<\/span><\/p><p><span style=\"font-weight: 400;\">Les id\u00e9es d\u2019Hubertine Auclert se radicalisent encore : elle d\u00e9nonce par exemple la loi\u00a0 sur le divorce, demande la reconnaissance du travail domestique, ou r\u00e9clame la f\u00e9minisation\u00a0 des noms de fonctions, presque, consid\u00e9rant que l\u2019omission du f\u00e9minin par le dictionnaire contribue \u00e0 l\u2019omission du f\u00e9minin dans la loi. Sa sensibilit\u00e9 \u00e0 la langue et aux mots est par\u00a0 ailleurs \u00e0 l\u2019origine de nombreuses de ses revendications, les femmes \u00e9tant dans la loi tant\u00f4t\u00a0 inclues, tant\u00f4t exclues de l\u2019expression \u00ab Tout Fran\u00e7ais \u00bb.\u00a0<\/span><\/p><p><span style=\"font-weight: 400;\">Elle est l\u2019une des premi\u00e8res f\u00e9ministes \u00e0 s\u2019int\u00e9resser \u00e0 la question de la colonisation, \u00e9tant en cela une des pionni\u00e8res de l\u2019intersectionnalit\u00e9. D\u00e9non\u00e7ant le racisme des Fran\u00e7ais et\u00a0 plus particuli\u00e8rement des colons et fonctionnaires \u00e0 l\u2019\u00e9gard des Arabes, elle met en avant l\u2019id\u00e9e\u00a0<\/span><span style=\"font-weight: 400;\">que les femmes musulmanes subissent un double patriarcat : celui, mill\u00e9naire, des m\u0153urs\u00a0 islamiques, et celui apport\u00e9 par la colonisation fran\u00e7aise, aggravante de la condition des femmes\u00a0 alg\u00e9riennes. Elle soutient n\u00e9anmoins les politiques d\u2019assimilation, estimant que la p\u00e9riode\u00a0 pr\u00e9islamique permettait davantage d\u2019ind\u00e9pendance aux femmes. En 1892, de retour en France,\u00a0 elle continue \u00e0 \u00e9crire des textes militants en faveur des femmes arabes et pr\u00e9sente plusieurs\u00a0 p\u00e9titions visant \u00e0 leur \u00e9mancipation.\u00a0<\/span><\/p><p><span style=\"font-weight: 400;\">En 1894, elle collabore au journal <\/span><i><span style=\"font-weight: 400;\">La Libre Parole <\/span><\/i><span style=\"font-weight: 400;\">d\u2019\u00c9douard Drumont. Deux ans apr\u00e8s et jusqu\u2019en 1909, elle \u00e9crit pr\u00e8s de 413 articles pour le journal r\u00e9publicain <\/span><i><span style=\"font-weight: 400;\">Le Radical<\/span><\/i><span style=\"font-weight: 400;\">, dans la rubrique \u00ab Le f\u00e9minisme \u00bb. N\u2019ayant jamais abandonn\u00e9 son combat pour le suffrage f\u00e9minin,\u00a0 elle cofonde en 1900 le Conseil national des femmes fran\u00e7aises, organisation pour les groupes\u00a0 f\u00e9ministes fran\u00e7ais. Alors qu\u2019elle a soixante ans en 1908, elle brise symboliquement une urne\u00a0 lors des \u00e9lections municipales de Paris. Le 24 avril 1910, elle candidate aux \u00e9lections\u00a0 l\u00e9gislatives aux c\u00f4t\u00e9s d\u2019autres militantes, dont Marguerite Durand, malgr\u00e9 l\u2019impossibilit\u00e9 l\u00e9gale\u00a0 de ces candidatures, \u00e9videmment rejet\u00e9es.\u00a0\u00a0<\/span><\/p><p><span style=\"font-weight: 400;\">Elle d\u00e9c\u00e8de le 8 avril 1914 \u00e0 Paris. Aujourd\u2019hui consid\u00e9r\u00e9e comme une figure centrale\u00a0 dans l\u2019histoire de la lutte des droits des femmes fran\u00e7aises, Hubertine Auclert est, par ailleurs,\u00a0 la premi\u00e8re militante fran\u00e7aise \u00e0 se revendiquer \u00ab f\u00e9ministe \u00bb en 1882, terme originellement\u00a0 utilis\u00e9 par Charles Fourier pour d\u00e9signer des hommes \u00ab eff\u00e9min\u00e9s \u00bb ou par Alexandre Dumas\u00a0 (fils) pour d\u00e9signer p\u00e9jorativement les hommes d\u00e9fendant publiquement les droits des femmes.\u00a0 En 1889, elle lance un appel \u00e0 la c\u00e9l\u00e9bration d\u2019un \u00ab 89 f\u00e9minin \u00bb visant \u00e0 mettre en lumi\u00e8re le\u00a0 r\u00f4le capital des femmes dans les r\u00e9volutions de 1789 et 1848. Suffragette fran\u00e7aise originelle,\u00a0 elle se sera battue toute sa vie sans rel\u00e2che pour permettre aux femmes d\u2019acc\u00e9der \u00e0 l\u2019\u00e9galit\u00e9 de\u00a0 droit. Le Centre Hubertine Auclert se r\u00e9clame aujourd\u2019hui de son h\u00e9ritage et \u0153uvre en \u00cele-de France pour la lutte contre les in\u00e9galit\u00e9s et les discriminations fond\u00e9es sur le sexe et le genre.<\/span><\/p><h5 id=\"blog-post-title\" class=\"blog-post-title\" data-blog-id=\"50203697047\" data-maturity-level=\"Informationnel\"><span id=\"hs_cos_wrapper_name\" class=\"hs_cos_wrapper hs_cos_wrapper_meta_field hs_cos_wrapper_type_text\" data-hs-cos-general-type=\"meta_field\" data-hs-cos-type=\"text\">\u00a9 H\u00e9l\u00e8ne Christodoulou Gosso<\/span><\/h5>\t\t\t\t\t\t<\/div>\n\t\t\t\t<\/div>\n\t\t\t\t\t<\/div>\n\t\t\t\t<\/div>\n\t\t\t\t<\/div>\n\t\t","protected":false},"excerpt":{"rendered":"<p>Marie Anne Hubertine Auclert, de son vrai nom, na\u00eet le 10 avril 1848 \u00e0 Saint-Priest-en Murat, dans l\u2019Allier. Cinqui\u00e8me n\u00e9e d\u2019une fratrie de sept enfants, elle est la fille d\u2019un riche\u00a0 fermier r\u00e9publicain, Jean-Baptiste Auclert et de sa femme, Marie Chanudet. L\u2019av\u00e8nement de la\u00a0 Deuxi\u00e8me R\u00e9publique en 1848, permet \u00e0 Jean-Baptiste d\u2019\u00eatre nomm\u00e9 maire. Mais [&hellip;]<\/p>\n","protected":false},"author":6,"featured_media":955,"comment_status":"open","ping_status":"open","sticky":false,"template":"","format":"standard","meta":{"footnotes":""},"categories":[37],"tags":[31,22,81],"class_list":["post-953","post","type-post","status-publish","format-standard","has-post-thumbnail","hentry","category-politique","tag-femme","tag-journaliste","tag-politique"],"yoast_head":"<!-- This site is optimized with the Yoast SEO plugin v22.3 - https:\/\/yoast.com\/wordpress\/plugins\/seo\/ -->\n<title>Hubertine Auclert : Premi\u00e8re suffragette et f\u00e9ministe fran\u00e7aise - Les Grandes Dames<\/title>\n<meta name=\"robots\" content=\"index, follow, max-snippet:-1, max-image-preview:large, max-video-preview:-1\" \/>\n<link rel=\"canonical\" href=\"https:\/\/lesgrandesdames.fr\/index.php\/2024\/07\/30\/hubertine-auclert-premiere-suffragette-et-feministe-francaise\/\" \/>\n<meta property=\"og:locale\" content=\"fr_FR\" \/>\n<meta property=\"og:type\" content=\"article\" \/>\n<meta property=\"og:title\" content=\"Hubertine Auclert : Premi\u00e8re suffragette et f\u00e9ministe fran\u00e7aise - Les Grandes Dames\" \/>\n<meta property=\"og:description\" content=\"Marie Anne Hubertine Auclert, de son vrai nom, na\u00eet le 10 avril 1848 \u00e0 Saint-Priest-en Murat, dans l\u2019Allier. Cinqui\u00e8me n\u00e9e d\u2019une fratrie de sept enfants, elle est la fille d\u2019un riche\u00a0 fermier r\u00e9publicain, Jean-Baptiste Auclert et de sa femme, Marie Chanudet. L\u2019av\u00e8nement de la\u00a0 Deuxi\u00e8me R\u00e9publique en 1848, permet \u00e0 Jean-Baptiste d\u2019\u00eatre nomm\u00e9 maire. Mais [&hellip;]\" \/>\n<meta property=\"og:url\" content=\"https:\/\/lesgrandesdames.fr\/index.php\/2024\/07\/30\/hubertine-auclert-premiere-suffragette-et-feministe-francaise\/\" \/>\n<meta property=\"og:site_name\" content=\"Les Grandes Dames\" \/>\n<meta property=\"article:published_time\" content=\"2024-07-30T21:35:47+00:00\" \/>\n<meta property=\"article:modified_time\" content=\"2024-07-30T22:00:29+00:00\" \/>\n<meta property=\"og:image\" content=\"http:\/\/lesgrandesdames.fr\/wp-content\/uploads\/2024\/07\/Les-Grandes-Dames-30.png\" \/>\n\t<meta property=\"og:image:width\" content=\"4375\" \/>\n\t<meta property=\"og:image:height\" content=\"1875\" \/>\n\t<meta property=\"og:image:type\" content=\"image\/png\" \/>\n<meta name=\"author\" content=\"H\u00e9l\u00e8ne Gosso\" \/>\n<meta name=\"twitter:card\" content=\"summary_large_image\" \/>\n<meta name=\"twitter:label1\" content=\"\u00c9crit par\" \/>\n\t<meta name=\"twitter:data1\" content=\"H\u00e9l\u00e8ne Gosso\" \/>\n\t<meta name=\"twitter:label2\" content=\"Dur\u00e9e de lecture estim\u00e9e\" \/>\n\t<meta name=\"twitter:data2\" content=\"7 minutes\" \/>\n<script type=\"application\/ld+json\" class=\"yoast-schema-graph\">{\"@context\":\"https:\/\/schema.org\",\"@graph\":[{\"@type\":\"Article\",\"@id\":\"https:\/\/lesgrandesdames.fr\/index.php\/2024\/07\/30\/hubertine-auclert-premiere-suffragette-et-feministe-francaise\/#article\",\"isPartOf\":{\"@id\":\"https:\/\/lesgrandesdames.fr\/index.php\/2024\/07\/30\/hubertine-auclert-premiere-suffragette-et-feministe-francaise\/\"},\"author\":{\"name\":\"H\u00e9l\u00e8ne Gosso\",\"@id\":\"https:\/\/lesgrandesdames.fr\/#\/schema\/person\/474f1d7dbca3a8adbe04e8a95e887754\"},\"headline\":\"Hubertine Auclert : Premi\u00e8re suffragette et f\u00e9ministe fran\u00e7aise\",\"datePublished\":\"2024-07-30T21:35:47+00:00\",\"dateModified\":\"2024-07-30T22:00:29+00:00\",\"mainEntityOfPage\":{\"@id\":\"https:\/\/lesgrandesdames.fr\/index.php\/2024\/07\/30\/hubertine-auclert-premiere-suffragette-et-feministe-francaise\/\"},\"wordCount\":1359,\"commentCount\":0,\"publisher\":{\"@id\":\"https:\/\/lesgrandesdames.fr\/#organization\"},\"image\":{\"@id\":\"https:\/\/lesgrandesdames.fr\/index.php\/2024\/07\/30\/hubertine-auclert-premiere-suffragette-et-feministe-francaise\/#primaryimage\"},\"thumbnailUrl\":\"https:\/\/lesgrandesdames.fr\/wp-content\/uploads\/2024\/07\/Les-Grandes-Dames-30.png\",\"keywords\":[\"Femme\",\"Journaliste\",\"Politique\"],\"articleSection\":[\"Politique\"],\"inLanguage\":\"fr-FR\",\"potentialAction\":[{\"@type\":\"CommentAction\",\"name\":\"Comment\",\"target\":[\"https:\/\/lesgrandesdames.fr\/index.php\/2024\/07\/30\/hubertine-auclert-premiere-suffragette-et-feministe-francaise\/#respond\"]}]},{\"@type\":\"WebPage\",\"@id\":\"https:\/\/lesgrandesdames.fr\/index.php\/2024\/07\/30\/hubertine-auclert-premiere-suffragette-et-feministe-francaise\/\",\"url\":\"https:\/\/lesgrandesdames.fr\/index.php\/2024\/07\/30\/hubertine-auclert-premiere-suffragette-et-feministe-francaise\/\",\"name\":\"Hubertine Auclert : Premi\u00e8re suffragette et f\u00e9ministe fran\u00e7aise - Les Grandes Dames\",\"isPartOf\":{\"@id\":\"https:\/\/lesgrandesdames.fr\/#website\"},\"primaryImageOfPage\":{\"@id\":\"https:\/\/lesgrandesdames.fr\/index.php\/2024\/07\/30\/hubertine-auclert-premiere-suffragette-et-feministe-francaise\/#primaryimage\"},\"image\":{\"@id\":\"https:\/\/lesgrandesdames.fr\/index.php\/2024\/07\/30\/hubertine-auclert-premiere-suffragette-et-feministe-francaise\/#primaryimage\"},\"thumbnailUrl\":\"https:\/\/lesgrandesdames.fr\/wp-content\/uploads\/2024\/07\/Les-Grandes-Dames-30.png\",\"datePublished\":\"2024-07-30T21:35:47+00:00\",\"dateModified\":\"2024-07-30T22:00:29+00:00\",\"breadcrumb\":{\"@id\":\"https:\/\/lesgrandesdames.fr\/index.php\/2024\/07\/30\/hubertine-auclert-premiere-suffragette-et-feministe-francaise\/#breadcrumb\"},\"inLanguage\":\"fr-FR\",\"potentialAction\":[{\"@type\":\"ReadAction\",\"target\":[\"https:\/\/lesgrandesdames.fr\/index.php\/2024\/07\/30\/hubertine-auclert-premiere-suffragette-et-feministe-francaise\/\"]}]},{\"@type\":\"ImageObject\",\"inLanguage\":\"fr-FR\",\"@id\":\"https:\/\/lesgrandesdames.fr\/index.php\/2024\/07\/30\/hubertine-auclert-premiere-suffragette-et-feministe-francaise\/#primaryimage\",\"url\":\"https:\/\/lesgrandesdames.fr\/wp-content\/uploads\/2024\/07\/Les-Grandes-Dames-30.png\",\"contentUrl\":\"https:\/\/lesgrandesdames.fr\/wp-content\/uploads\/2024\/07\/Les-Grandes-Dames-30.png\",\"width\":4375,\"height\":1875},{\"@type\":\"BreadcrumbList\",\"@id\":\"https:\/\/lesgrandesdames.fr\/index.php\/2024\/07\/30\/hubertine-auclert-premiere-suffragette-et-feministe-francaise\/#breadcrumb\",\"itemListElement\":[{\"@type\":\"ListItem\",\"position\":1,\"name\":\"Home\",\"item\":\"https:\/\/lesgrandesdames.fr\/\"},{\"@type\":\"ListItem\",\"position\":2,\"name\":\"Hubertine Auclert : Premi\u00e8re suffragette et f\u00e9ministe fran\u00e7aise\"}]},{\"@type\":\"WebSite\",\"@id\":\"https:\/\/lesgrandesdames.fr\/#website\",\"url\":\"https:\/\/lesgrandesdames.fr\/\",\"name\":\"Les Grandes Dames\",\"description\":\"\",\"publisher\":{\"@id\":\"https:\/\/lesgrandesdames.fr\/#organization\"},\"potentialAction\":[{\"@type\":\"SearchAction\",\"target\":{\"@type\":\"EntryPoint\",\"urlTemplate\":\"https:\/\/lesgrandesdames.fr\/?s={search_term_string}\"},\"query-input\":\"required name=search_term_string\"}],\"inLanguage\":\"fr-FR\"},{\"@type\":\"Organization\",\"@id\":\"https:\/\/lesgrandesdames.fr\/#organization\",\"name\":\"Les Grandes Dames\",\"url\":\"https:\/\/lesgrandesdames.fr\/\",\"logo\":{\"@type\":\"ImageObject\",\"inLanguage\":\"fr-FR\",\"@id\":\"https:\/\/lesgrandesdames.fr\/#\/schema\/logo\/image\/\",\"url\":\"https:\/\/lesgrandesdames.fr\/wp-content\/uploads\/2024\/03\/cropped-Untitled-design.png\",\"contentUrl\":\"https:\/\/lesgrandesdames.fr\/wp-content\/uploads\/2024\/03\/cropped-Untitled-design.png\",\"width\":112,\"height\":110,\"caption\":\"Les Grandes Dames\"},\"image\":{\"@id\":\"https:\/\/lesgrandesdames.fr\/#\/schema\/logo\/image\/\"}},{\"@type\":\"Person\",\"@id\":\"https:\/\/lesgrandesdames.fr\/#\/schema\/person\/474f1d7dbca3a8adbe04e8a95e887754\",\"name\":\"H\u00e9l\u00e8ne Gosso\",\"image\":{\"@type\":\"ImageObject\",\"inLanguage\":\"fr-FR\",\"@id\":\"https:\/\/lesgrandesdames.fr\/#\/schema\/person\/image\/\",\"url\":\"https:\/\/secure.gravatar.com\/avatar\/6d4bbafaf4dd20657c55613528b2131c465202679e07ff91e7f0f07abf2e15e7?s=96&d=mm&r=g\",\"contentUrl\":\"https:\/\/secure.gravatar.com\/avatar\/6d4bbafaf4dd20657c55613528b2131c465202679e07ff91e7f0f07abf2e15e7?s=96&d=mm&r=g\",\"caption\":\"H\u00e9l\u00e8ne Gosso\"},\"url\":\"https:\/\/lesgrandesdames.fr\/index.php\/author\/helene-gosso\/\"}]}<\/script>\n<!-- \/ Yoast SEO plugin. -->","yoast_head_json":{"title":"Hubertine Auclert : Premi\u00e8re suffragette et f\u00e9ministe fran\u00e7aise - Les Grandes Dames","robots":{"index":"index","follow":"follow","max-snippet":"max-snippet:-1","max-image-preview":"max-image-preview:large","max-video-preview":"max-video-preview:-1"},"canonical":"https:\/\/lesgrandesdames.fr\/index.php\/2024\/07\/30\/hubertine-auclert-premiere-suffragette-et-feministe-francaise\/","og_locale":"fr_FR","og_type":"article","og_title":"Hubertine Auclert : Premi\u00e8re suffragette et f\u00e9ministe fran\u00e7aise - Les Grandes Dames","og_description":"Marie Anne Hubertine Auclert, de son vrai nom, na\u00eet le 10 avril 1848 \u00e0 Saint-Priest-en Murat, dans l\u2019Allier. Cinqui\u00e8me n\u00e9e d\u2019une fratrie de sept enfants, elle est la fille d\u2019un riche\u00a0 fermier r\u00e9publicain, Jean-Baptiste Auclert et de sa femme, Marie Chanudet. L\u2019av\u00e8nement de la\u00a0 Deuxi\u00e8me R\u00e9publique en 1848, permet \u00e0 Jean-Baptiste d\u2019\u00eatre nomm\u00e9 maire. Mais [&hellip;]","og_url":"https:\/\/lesgrandesdames.fr\/index.php\/2024\/07\/30\/hubertine-auclert-premiere-suffragette-et-feministe-francaise\/","og_site_name":"Les Grandes Dames","article_published_time":"2024-07-30T21:35:47+00:00","article_modified_time":"2024-07-30T22:00:29+00:00","og_image":[{"width":4375,"height":1875,"url":"http:\/\/lesgrandesdames.fr\/wp-content\/uploads\/2024\/07\/Les-Grandes-Dames-30.png","type":"image\/png"}],"author":"H\u00e9l\u00e8ne Gosso","twitter_card":"summary_large_image","twitter_misc":{"\u00c9crit par":"H\u00e9l\u00e8ne Gosso","Dur\u00e9e de lecture estim\u00e9e":"7 minutes"},"schema":{"@context":"https:\/\/schema.org","@graph":[{"@type":"Article","@id":"https:\/\/lesgrandesdames.fr\/index.php\/2024\/07\/30\/hubertine-auclert-premiere-suffragette-et-feministe-francaise\/#article","isPartOf":{"@id":"https:\/\/lesgrandesdames.fr\/index.php\/2024\/07\/30\/hubertine-auclert-premiere-suffragette-et-feministe-francaise\/"},"author":{"name":"H\u00e9l\u00e8ne Gosso","@id":"https:\/\/lesgrandesdames.fr\/#\/schema\/person\/474f1d7dbca3a8adbe04e8a95e887754"},"headline":"Hubertine Auclert : Premi\u00e8re suffragette et f\u00e9ministe fran\u00e7aise","datePublished":"2024-07-30T21:35:47+00:00","dateModified":"2024-07-30T22:00:29+00:00","mainEntityOfPage":{"@id":"https:\/\/lesgrandesdames.fr\/index.php\/2024\/07\/30\/hubertine-auclert-premiere-suffragette-et-feministe-francaise\/"},"wordCount":1359,"commentCount":0,"publisher":{"@id":"https:\/\/lesgrandesdames.fr\/#organization"},"image":{"@id":"https:\/\/lesgrandesdames.fr\/index.php\/2024\/07\/30\/hubertine-auclert-premiere-suffragette-et-feministe-francaise\/#primaryimage"},"thumbnailUrl":"https:\/\/lesgrandesdames.fr\/wp-content\/uploads\/2024\/07\/Les-Grandes-Dames-30.png","keywords":["Femme","Journaliste","Politique"],"articleSection":["Politique"],"inLanguage":"fr-FR","potentialAction":[{"@type":"CommentAction","name":"Comment","target":["https:\/\/lesgrandesdames.fr\/index.php\/2024\/07\/30\/hubertine-auclert-premiere-suffragette-et-feministe-francaise\/#respond"]}]},{"@type":"WebPage","@id":"https:\/\/lesgrandesdames.fr\/index.php\/2024\/07\/30\/hubertine-auclert-premiere-suffragette-et-feministe-francaise\/","url":"https:\/\/lesgrandesdames.fr\/index.php\/2024\/07\/30\/hubertine-auclert-premiere-suffragette-et-feministe-francaise\/","name":"Hubertine Auclert : Premi\u00e8re suffragette et f\u00e9ministe fran\u00e7aise - Les Grandes Dames","isPartOf":{"@id":"https:\/\/lesgrandesdames.fr\/#website"},"primaryImageOfPage":{"@id":"https:\/\/lesgrandesdames.fr\/index.php\/2024\/07\/30\/hubertine-auclert-premiere-suffragette-et-feministe-francaise\/#primaryimage"},"image":{"@id":"https:\/\/lesgrandesdames.fr\/index.php\/2024\/07\/30\/hubertine-auclert-premiere-suffragette-et-feministe-francaise\/#primaryimage"},"thumbnailUrl":"https:\/\/lesgrandesdames.fr\/wp-content\/uploads\/2024\/07\/Les-Grandes-Dames-30.png","datePublished":"2024-07-30T21:35:47+00:00","dateModified":"2024-07-30T22:00:29+00:00","breadcrumb":{"@id":"https:\/\/lesgrandesdames.fr\/index.php\/2024\/07\/30\/hubertine-auclert-premiere-suffragette-et-feministe-francaise\/#breadcrumb"},"inLanguage":"fr-FR","potentialAction":[{"@type":"ReadAction","target":["https:\/\/lesgrandesdames.fr\/index.php\/2024\/07\/30\/hubertine-auclert-premiere-suffragette-et-feministe-francaise\/"]}]},{"@type":"ImageObject","inLanguage":"fr-FR","@id":"https:\/\/lesgrandesdames.fr\/index.php\/2024\/07\/30\/hubertine-auclert-premiere-suffragette-et-feministe-francaise\/#primaryimage","url":"https:\/\/lesgrandesdames.fr\/wp-content\/uploads\/2024\/07\/Les-Grandes-Dames-30.png","contentUrl":"https:\/\/lesgrandesdames.fr\/wp-content\/uploads\/2024\/07\/Les-Grandes-Dames-30.png","width":4375,"height":1875},{"@type":"BreadcrumbList","@id":"https:\/\/lesgrandesdames.fr\/index.php\/2024\/07\/30\/hubertine-auclert-premiere-suffragette-et-feministe-francaise\/#breadcrumb","itemListElement":[{"@type":"ListItem","position":1,"name":"Home","item":"https:\/\/lesgrandesdames.fr\/"},{"@type":"ListItem","position":2,"name":"Hubertine Auclert : Premi\u00e8re suffragette et f\u00e9ministe fran\u00e7aise"}]},{"@type":"WebSite","@id":"https:\/\/lesgrandesdames.fr\/#website","url":"https:\/\/lesgrandesdames.fr\/","name":"Les Grandes Dames","description":"","publisher":{"@id":"https:\/\/lesgrandesdames.fr\/#organization"},"potentialAction":[{"@type":"SearchAction","target":{"@type":"EntryPoint","urlTemplate":"https:\/\/lesgrandesdames.fr\/?s={search_term_string}"},"query-input":"required name=search_term_string"}],"inLanguage":"fr-FR"},{"@type":"Organization","@id":"https:\/\/lesgrandesdames.fr\/#organization","name":"Les Grandes Dames","url":"https:\/\/lesgrandesdames.fr\/","logo":{"@type":"ImageObject","inLanguage":"fr-FR","@id":"https:\/\/lesgrandesdames.fr\/#\/schema\/logo\/image\/","url":"https:\/\/lesgrandesdames.fr\/wp-content\/uploads\/2024\/03\/cropped-Untitled-design.png","contentUrl":"https:\/\/lesgrandesdames.fr\/wp-content\/uploads\/2024\/03\/cropped-Untitled-design.png","width":112,"height":110,"caption":"Les Grandes Dames"},"image":{"@id":"https:\/\/lesgrandesdames.fr\/#\/schema\/logo\/image\/"}},{"@type":"Person","@id":"https:\/\/lesgrandesdames.fr\/#\/schema\/person\/474f1d7dbca3a8adbe04e8a95e887754","name":"H\u00e9l\u00e8ne Gosso","image":{"@type":"ImageObject","inLanguage":"fr-FR","@id":"https:\/\/lesgrandesdames.fr\/#\/schema\/person\/image\/","url":"https:\/\/secure.gravatar.com\/avatar\/6d4bbafaf4dd20657c55613528b2131c465202679e07ff91e7f0f07abf2e15e7?s=96&d=mm&r=g","contentUrl":"https:\/\/secure.gravatar.com\/avatar\/6d4bbafaf4dd20657c55613528b2131c465202679e07ff91e7f0f07abf2e15e7?s=96&d=mm&r=g","caption":"H\u00e9l\u00e8ne Gosso"},"url":"https:\/\/lesgrandesdames.fr\/index.php\/author\/helene-gosso\/"}]}},"_links":{"self":[{"href":"https:\/\/lesgrandesdames.fr\/index.php\/wp-json\/wp\/v2\/posts\/953","targetHints":{"allow":["GET"]}}],"collection":[{"href":"https:\/\/lesgrandesdames.fr\/index.php\/wp-json\/wp\/v2\/posts"}],"about":[{"href":"https:\/\/lesgrandesdames.fr\/index.php\/wp-json\/wp\/v2\/types\/post"}],"author":[{"embeddable":true,"href":"https:\/\/lesgrandesdames.fr\/index.php\/wp-json\/wp\/v2\/users\/6"}],"replies":[{"embeddable":true,"href":"https:\/\/lesgrandesdames.fr\/index.php\/wp-json\/wp\/v2\/comments?post=953"}],"version-history":[{"count":13,"href":"https:\/\/lesgrandesdames.fr\/index.php\/wp-json\/wp\/v2\/posts\/953\/revisions"}],"predecessor-version":[{"id":968,"href":"https:\/\/lesgrandesdames.fr\/index.php\/wp-json\/wp\/v2\/posts\/953\/revisions\/968"}],"wp:featuredmedia":[{"embeddable":true,"href":"https:\/\/lesgrandesdames.fr\/index.php\/wp-json\/wp\/v2\/media\/955"}],"wp:attachment":[{"href":"https:\/\/lesgrandesdames.fr\/index.php\/wp-json\/wp\/v2\/media?parent=953"}],"wp:term":[{"taxonomy":"category","embeddable":true,"href":"https:\/\/lesgrandesdames.fr\/index.php\/wp-json\/wp\/v2\/categories?post=953"},{"taxonomy":"post_tag","embeddable":true,"href":"https:\/\/lesgrandesdames.fr\/index.php\/wp-json\/wp\/v2\/tags?post=953"}],"curies":[{"name":"wp","href":"https:\/\/api.w.org\/{rel}","templated":true}]}}